{"id":711,"date":"2019-10-26T03:17:17","date_gmt":"2019-10-26T03:17:17","guid":{"rendered":"https:\/\/cospacc.org\/?p=711"},"modified":"2025-04-30T05:04:23","modified_gmt":"2025-04-30T05:04:23","slug":"denuncia-publica-10","status":"publish","type":"post","link":"https:\/\/cospacc.org\/?p=711","title":{"rendered":"DENUNCIA P\u00daBLICA"},"content":{"rendered":"\n<p><strong>Yopal, Casanare. 23 de octubre de 2019<\/strong><\/p>\n\n\n\n<p><strong>Denunciamos el uso\narbitrario de la fuerza por parte de dragoneantes del INPEC contra el l\u00edder\nsocial CARLOS ANDR\u00c9S ROMERO BECERRA en el establecimiento penitenciario y\ncarcelario La Guafilla.<\/strong><\/p>\n\n\n\n<p><strong>Antecedentes<\/strong><\/p>\n\n\n\n<p>CARLOS ANDR\u00c9S ROMERO BECERRA es l\u00edder social y comunitario,\nintegrante de la Asociaci\u00f3n Nacional Campesina Jos\u00e9 Antonio Gal\u00e1n Zorro \u2013 ASONALCA\n\u2013. A partir de sus estudios profesionales en ingenier\u00eda agron\u00f3mica y dentro de\nsu labor como dirigente social ha aportado en la capacitaci\u00f3n de comunidades\ncampesinas en la producci\u00f3n agroecol\u00f3gica como insumo a la ejecuci\u00f3n de los\nplanes de vida de diferentes comunidades en los departamentos de Boyac\u00e1 y\nCasanare.<\/p>\n\n\n\n<p>El 11 de abril fue capturado por solicitud de la Fiscal\u00eda\n135 EDA de Yopal y vinculado a un proceso penal junto a otros l\u00edderes sociales\nde la regi\u00f3n;&nbsp; actualmente se encuentra\nprivado de la libertad en el centro penitenciario y carcelario La Guafilla en\nla ciudad de Yopal. <\/p>\n\n\n\n<p><strong>Hechos:<\/strong><\/p>\n\n\n\n<p>1. El 16 de octubre de 2019, CARLOS ANDR\u00c9S ROMERO BECERRA\nse encontraba en diligencia con su abogado en las instalaciones de la Unidad de\nPolic\u00eda Judicial, que se ubican dentro del establecimiento penitenciario. Al\nfinalizar la diligencia los agentes de Polic\u00eda Judicial lo dejaron al cuidado\nde los dragoneantes CRISTIAN BURITIC\u00c1 y VICTOR MU\u00d1OZ le manifestaron que deb\u00eda\nesperar a los agentes de Polic\u00eda Judicial (PJ) hasta la 1.30 pm para que fuera\nconducido al patio, lo que implicar\u00eda que no podr\u00eda recibir el almuerzo.<\/p>\n\n\n\n<p>2. CARLOS ANDR\u00c9S ROMERO BECERRA les solicita ser conducido\nal patio para recibir los alimentos a los cuales tiene derecho. Esta exigencia\ngenera una reacci\u00f3n violenta del dragoneante CRISTIAN BURITICA, quien golpe\u00f3\ncon pu\u00f1os y patadas al l\u00edder social que se encontraba en estado de indefensi\u00f3n\ntoda vez que estaba esposado.<\/p>\n\n\n\n<p>3. Posteriormente los dragoneantes amenazaron con iniciar\nun proceso disciplinario y testificar en contra del l\u00edder CARLOS ANDR\u00c9S ROMERO\nBECERRA, por amenaza de muerte contra el dragoneante CRISTIAN BURITICA. <\/p>\n\n\n\n<p>4. A la 1.30 pm llegaron al lugar los agentes de Polic\u00eda\nJudicial y el dragoneante CRISTIAN BURITICA manifest\u00f3 que iniciar\u00eda un proceso\ndisciplinario en contra del l\u00edder social. El agente de Polic\u00eda Judicial va\nhasta la Unidad de Polic\u00eda Judicial, revisa los videos de seguridad y procede a\nllevar a CARLOS ANDR\u00c9S ROMERO BECERRA&nbsp; a\nsanidad, donde la enfermera y el m\u00e9dico quienes le realizaron una valoraci\u00f3n.<\/p>\n\n\n\n<p>5. Desde la fecha de la agresi\u00f3n los dragoneantes del patio\n4 del establecimiento penitenciario y carcelario La Guafilla, han proferido\nmaltratos, insultos y gritos contra el l\u00edder social CARLOS ANDR\u00c9S ROMERO\nBECERRA, con la intenci\u00f3n de generar reacciones violentas que llenen los\nrequisitos para el traslado de patio del l\u00edder social.<\/p>\n\n\n\n<p><strong>Responsabilizamos<\/strong><\/p>\n\n\n\n<p>Al director del Establecimiento Penitenciario y Carcelario\nLa Guafilla, al INPEC, al Ministerio de Justicia y al Ministerio del Interior\npor la vida, la seguridad y la integridad del l\u00edder social CARLOS ANDR\u00c9S ROMERO\nBECERRA.<\/p>\n\n\n\n<p><strong>Exigimos<\/strong><\/p>\n\n\n\n<p>Se adelanten las investigaciones correspondientes ante las\nentidades competentes, entre ellas la Fiscal\u00eda General de la Naci\u00f3n y la\nProcuradur\u00eda General de la Naci\u00f3n, con base en los videos de seguridad y la\nvaloraci\u00f3n m\u00e9dica, que conduzcan a sanciones disciplinarias y penales a las que\nhay lugar. <\/p>\n\n\n\n<p>Se tramiten las denuncias interpuestas por las personas\nprivadas de la libertad, especialmente las del l\u00edder social <a>CARLOS ANDR\u00c9S ROMERO BECERRA.<\/a><\/p>\n\n\n\n<p>Ante la injusta medida de aseguramiento intramural, se\ngarantice la vida, la seguridad y la integridad del l\u00edder social CARLOS ANDR\u00c9S\nROMERO BECERRA.<\/p>\n\n\n\n<p><strong>Ser l\u00edder social no es delito<\/strong><\/p>\n\n\n\n<p><strong>Corporaci\u00f3n Social para la Asesor\u00eda y\nCapacitaci\u00f3n Comunitaria<\/strong><\/p>\n\n\n\n<p><strong>COSPACC<\/strong><\/p>\n\n\n\n<p><\/p>\n","protected":false},"excerpt":{"rendered":"<p>Yopal, Casanare. 23 de octubre de 2019 Denunciamos el uso arbitrario de la fuerza por parte de dragoneantes del INPEC<\/p>\n","protected":false},"author":1,"featured_media":712,"comment_status":"open","ping_status":"open","sticky":false,"template":"","format":"standard","meta":{"colormag_page_layout":"default_layout","footnotes":""},"categories":[47],"tags":[64,63],"class_list":["post-711","post","type-post","status-publish","format-standard","has-post-thumbnail","hentry","category-comunicados-y-denuncias","tag-carlosromero","tag-ddhh-serlidersocialnoesdelito"],"_links":{"self":[{"href":"https:\/\/cospacc.org\/index.php?rest_route=\/wp\/v2\/posts\/711","targetHints":{"allow":["GET"]}}],"collection":[{"href":"https:\/\/cospacc.org\/index.php?rest_route=\/wp\/v2\/posts"}],"about":[{"href":"https:\/\/cospacc.org\/index.php?rest_route=\/wp\/v2\/types\/post"}],"author":[{"embeddable":true,"href":"https:\/\/cospacc.org\/index.php?rest_route=\/wp\/v2\/users\/1"}],"replies":[{"embeddable":true,"href":"https:\/\/cospacc.org\/index.php?rest_route=%2Fwp%2Fv2%2Fcomments&post=711"}],"version-history":[{"count":2,"href":"https:\/\/cospacc.org\/index.php?rest_route=\/wp\/v2\/posts\/711\/revisions"}],"predecessor-version":[{"id":828,"href":"https:\/\/cospacc.org\/index.php?rest_route=\/wp\/v2\/posts\/711\/revisions\/828"}],"wp:featuredmedia":[{"embeddable":true,"href":"https:\/\/cospacc.org\/index.php?rest_route=\/wp\/v2\/media\/712"}],"wp:attachment":[{"href":"https:\/\/cospacc.org\/index.php?rest_route=%2Fwp%2Fv2%2Fmedia&parent=711"}],"wp:term":[{"taxonomy":"category","embeddable":true,"href":"https:\/\/cospacc.org\/index.php?rest_route=%2Fwp%2Fv2%2Fcategories&post=711"},{"taxonomy":"post_tag","embeddable":true,"href":"https:\/\/cospacc.org\/index.php?rest_route=%2Fwp%2Fv2%2Ftags&post=711"}],"curies":[{"name":"wp","href":"https:\/\/api.w.org\/{rel}","templated":true}]}}