{"id":728,"date":"2019-11-05T15:39:01","date_gmt":"2019-11-05T15:39:01","guid":{"rendered":"https:\/\/cospacc.org\/?p=728"},"modified":"2019-11-23T06:06:26","modified_gmt":"2019-11-23T06:06:26","slug":"historia-de-los-derechos-humanos-2","status":"publish","type":"post","link":"https:\/\/cospacc.org\/?p=728","title":{"rendered":"Historia de los Derechos Humanos"},"content":{"rendered":"\n<p>Tomado de: ASOCIACI\u00d3N NACIONAL DE USUARIOS CAMPESINOS<\/p>\n\n\n\n<p><\/p>\n\n\n\n<figure class=\"wp-block-table\"><table class=\"\"><tbody><tr><td>\n  &nbsp;\n  <\/td><\/tr><\/tbody><\/table><\/figure>\n\n\n\n<p>Decreto 755 de 1967<\/p>\n\n\n\n<p><em>Secretaria de Derechos Humanos<\/em><\/p>\n\n\n\n<p><strong>Introducci\u00f3n<\/strong><\/p>\n\n\n\n<p>Mucho se habla de Derechos Humanos pero nadie entiende que es \u00e9stos, son el concepto de todo lo que de noble tiene el g\u00e9nero humano.<\/p>\n\n\n\n<p>La concepci\u00f3n de los Derechos Humanos se hizo notoria en la comunidad cuando se inici\u00f3 el era de la explotaci\u00f3n y con ella el surgimiento de la clase sociales y sus luchas.<\/p>\n\n\n\n<p>Todos hemos venido creyendo que la violaciones a los Derechos Humanos son las que vienen cometiendo \u00fanicamente a trav\u00e9s de los asesinatos, los genocidios, las masacres, las desapariciones, la detenciones y los allanamientos, las amenazas y \u00faltimamente los desalojos, que producen \u00e9xodo masivos de campesinos a las ciudades; pero es m\u00e1s violatoria a\u00fan de los Derechos Humanos y Ciudadanos de los Colombianos el grado de explotaci\u00f3n y dependencia al cual est\u00e1n sometidos culpables de la terrible situaci\u00f3n de violencia vivida por las clases populares del pa\u00eds.<\/p>\n\n\n\n<p>Por todo eso creemos que es importante dar unos elementos m\u00e1s globales\nde lo que son los Derechos Humanos, para proyectar el Movimiento Nacional Por\nla Vida, como m\u00e9todo de convergencia realmente unitario para propiciar la organizaci\u00f3n\npor la base de la defensa de la vida.<\/p>\n\n\n\n<p><strong>An\u00e1lisis\nhist\u00f3rico<\/strong><\/p>\n\n\n\n<p>La problem\u00e1tica de los Derechos Humanos como tal, surge al desaparecer el Comunismo Primitivo, como etapa hist\u00f3rica de la humanidad, dando nacimiento al surgimiento de la acumulaci\u00f3n de riqueza en manos de unos pocos dando as\u00ed inicio a la divisi\u00f3n en le proceso comunitario, por el cual aparecen las denominadas clases sociales (explotados y explotadores).<\/p>\n\n\n\n<p>En este proceso analizaremos c\u00f3mo han surgido a nivel mundial algunas de\nlas Declaraciones que sobre Derechos Humanos se han escrito durante la evoluci\u00f3n\nde la lucha de clase.<\/p>\n\n\n\n<p>Enumeraremos algunas de estas Declaraciones, sin desconocer que con\nanterioridad a ellas existieron otras muchas a nivel mundial.<\/p>\n\n\n\n<p>Debemos aclarar que, como se ver\u00e1 m\u00e1s adelante, esas Declaraciones\nfor\u00e1neas tienen mucho que ver con la realidad hist\u00f3rica de Colombia.<\/p>\n\n\n\n<p><strong>La\nrevoluci\u00f3n francesa<\/strong><\/p>\n\n\n\n<p>Con el fin de derrocar a la monarqu\u00eda imperante se llev\u00f3 a cabo el\nproceso de la revoluci\u00f3n francesa, donde los vasallos, los siervos, los\ncampesinos y los artesanos, en unidad con los comerciantes y los propietarios\nde los bienes, llevaron a cabo el desarrollo de la Revoluci\u00f3n para el\nderrocamiento de la Monarqu\u00eda hasta la toma del poder; aqu\u00ed lograron sus\nobjetivos los comerciantes y propietarios de las riquezas, quienes\nconstituyeron un nuevo sistema llamado Burgu\u00e9s, al cual no le import\u00f3 la forma\ncomo fueron utilizadas las masas explotadas ansiosas de justicia social,\njusticia que nunca lleg\u00f3 p\u00faes les fueron impuestas nuevas y denigrantes formas\nde explotaci\u00f3n.<\/p>\n\n\n\n<p>La revoluci\u00f3n francesa culmin\u00f3 el 26 de agosto de 1789, fecha en la cual\ninstaur\u00f3 Asamblea Nacional Francesa en el a\u00f1o 1791, que al final qued\u00f3 en el\nolvido por parte de la nueva clase dominante.<\/p>\n\n\n\n<p>Esta Declaraci\u00f3n de los Derechos del Hombre y del Ciudadano fue\ntraducida del franc\u00e9s al espa\u00f1ol por Antonio Nari\u00f1o, motivo por el cual, la\nMonarqu\u00eda Espa\u00f1ola lo persigui\u00f3 y encarcel\u00f3 en Colombia, por ser contraria al\ninter\u00e9s de la colonia.<\/p>\n\n\n\n<p>Se hace necesario aclarar que esta Declaraci\u00f3n contempla \u00fanicamente los\nDerechos Civiles, m\u00e1s no los Derechos Socio \u2013 econ\u00f3micos del pueblo en general.<\/p>\n\n\n\n<p><strong>La\nintroducci\u00f3n de est\u00e1 Declaraci\u00f3n dice as\u00ed:<\/strong><\/p>\n\n\n\n<p>\u201cLos representantes del pueblo franc\u00e9s, constituidos en Asamblea\nGeneral, y considerando que la ignorancia, eel olvido o el menosprecio de los Derechos\ndel Hombre son la \u00fanica &nbsp;causa de las desgracias p\u00fablicas y de la\ncorrupci\u00f3n del&nbsp; Gobierno, han resultado exponer en una declaraci\u00f3n solemne\nlos Derechos Naturales, inalienables y sagrados del hombre, a fin de que \u00e9sta\ndeclaraci\u00f3n constantemente presente para todos los miembros del cuerpo social,\nles recuerde sin cesar sus Derechos y Deberes; a fin de que los actos de poder\nEjecutivo, pudiendo ser comparados a cada instante con toda instituci\u00f3n\npol\u00edtica, sean m\u00e1s respetados, a fin de que las reclamaciones de los\nciudadanos, fundadas desde ahora en principios simples e in contestables, se\ndirijan siempre al mantenimiento de la Constituci\u00f3n y felicidad de todos\u201d.<\/p>\n\n\n\n<p>Sin embargo, el respeto del texto de esta Declaraci\u00f3n se dedica exclusivamente&nbsp;al\nmantenimiento y resguardo de la propiedad privada.<\/p>\n\n\n\n<p>La llegada del siglo XX, nos trae la industrializaci\u00f3n y con ella el\ndesplazamiento de la mano de obra&nbsp;por la maquina; las ciudades\nindustrializadas a las cuales acuden miles de personas en busca de trabajo con\nel objeto de mejorar sus condiciones de vida, hombres y mujeres que abandonan\nlos campos engrosando las interminables filas de desempleo y cuyo \u00fanico medio\necon\u00f3mico no es otro que su fuerza de trabajo, son el cuadro com\u00fan de la \u00e9poca.<\/p>\n\n\n\n<p>Adem\u00e1s, la concentraci\u00f3n del capital en pocas manos, capital que en\notros tiempos era obtenido del comercio, ahora se torna m\u00e1s rentable&nbsp;a\ntrav\u00e9s de la explotaci\u00f3n del hombre por el hombre&nbsp; en las grandes\nindustrias, torn\u00e1ndose cada d\u00eda m\u00e1s y m\u00e1s despiadada al aparecer el trabajo\nasalariado, con un r\u00e9gimen disciplinario denigrante para cualquier ser humano,\ny obligados a laborar 14. 16 o m\u00e1s horas, en una continua violaci\u00f3n de los\nDerechos Humanos, sin que existiera tan s\u00f3lo un d\u00eda semanal de descanso, no\nimportaba el sexo, las condiciones de salud, la edad o cualquier emergencia.<\/p>\n\n\n\n<p>De esta forma se fortalecieron los monopolios industriales y es como\ntambi\u00e9n surgen los monopolios bancarios o financieros.<\/p>\n\n\n\n<p>Tambi\u00e9n el desempleo se vuelve cada vez m\u00e1s agudo, la asistencia social\npara el pueblo no exist\u00eda ni siquiera en m\u00ednima parte, el hambre y la\ndesnutrici\u00f3n (tal como ahora) eran (y son) lo normal en el diario vivir.<\/p>\n\n\n\n<figure class=\"wp-block-table\"><table class=\"\"><tbody><tr><td>\n  &nbsp;&nbsp;&nbsp; &nbsp;&nbsp;<strong>\u00bfQu\u00e9 son los Derechos\n  Humanos?&nbsp;<\/strong><br>\n  &nbsp; &nbsp;Los Derechos Humanos son propios de todos los seres humanos\n  desde el mismo momento de su nacimiento. &nbsp; Estos Derechos Humanos sirven\n  para afianzar todo lo que conlleve A una vida digna y justa.&nbsp;<br>\n  &nbsp; &nbsp; &nbsp;&nbsp;<br>\n  <strong>\u00bfA qui\u00e9nes cobijan estos derechos?&nbsp;<\/strong>&nbsp;<br>\n  Los Derechos Humanos cobijan a todos los seres humanos sin distingo de credo\n  religioso o pol\u00edtico, racial, de lengua o de sexo. Todos los hombres nacen\n  libres, con igualdad de Derechos y Deberes.\n  <\/td><\/tr><tr><td>\n  &nbsp;\n  <\/td><\/tr><\/tbody><\/table><\/figure>\n\n\n\n<p><strong>La\nrevoluci\u00f3n socialista de Rusia<\/strong><\/p>\n\n\n\n<p>Con las teor\u00edas de Carlos Mark y Lennin puestas en pr\u00e1ctica el pueblo\nruso hace la Revoluci\u00f3n Socialista tom\u00e1ndose el poder en el a\u00f1o 1917 y en su\nTercer Congreso el Gobierno redact\u00f3 la Declaraci\u00f3n de los Derechos del Pueblo\nTrabajador y explotado el 10 de junio del a\u00f1o 1918.<\/p>\n\n\n\n<p>En ella se recoge las necesidades de obreros y campesinos,\nfundamentalmente, as\u00ed como las responsabilidades del Estado Socialista para un\npueblo.<\/p>\n\n\n\n<p>En esta declaraci\u00f3n se tienen en cuenta las necesidades del pueblo tanto\nsociales como econ\u00f3micas y no es la conservaci\u00f3n de la propiedad privada su\nobjeto de protecci\u00f3n.<\/p>\n\n\n\n<p><br>\n<strong>Declaraci\u00f3n de la UNO<\/strong><\/p>\n\n\n\n<p>En 1945 la Conferencia de San Francisco ( California Estados Unidos) dio\nlugar a la creaci\u00f3n de la Organizaci\u00f3n de la Naciones Unidas (ONU), creando en\nella una Comisi\u00f3n de Derechos Humanos para que redactara la Carta Internacional\nsobre dicha problem\u00e1tica.<\/p>\n\n\n\n<p>&nbsp;Hasta ese momento se hab\u00eda llevado a cabo dos guerras mundiales&nbsp;y\nla independencia de varios Estados Africanos&nbsp;y Asi\u00e1ticos de sus reg\u00edmenes\ncolonialistas y el \u201cpeligro \u201cdel comunismo se analizaba a nivel internacional (\npor su contenido d social reivindicativo); hab\u00eda que detenerlo en alguna forma\ny por esto las potencias capitalistas estructuraron esta Declaraci\u00f3n con\nalgunas reformas socialistas pero institucionalizando la propiedad privada.<\/p>\n\n\n\n<p>La primera parte de la Carta Internacional de Derechos Humanos se aprob\u00f3\nel 10 de diciembre de 1948. La Segunda y tercera parte fueron aprobadas el 16\nde diciembre de 1986 y en ellas se contemplaban las partes pertinentes a\nDerechos econ\u00f3micos, sociales y culturales y que son de obligatorio\ncumplimiento por parte de los Estados asignados.<\/p>\n\n\n\n<p>En Colombia la Ley 74 de 1968, en el gobierno de Carlos Lleras Restrepo,\nse suscribieron los Pactos Internacionales que tienen que ver con lo econ\u00f3mico,\nsocial y cultural: As\u00ed como los Derechos Civiles y Pol\u00edticos. Luego, en el a\u00f1o\nde 1969 ratific\u00f3 en su totalidad estos Instrumentos Jur\u00eddicos Internacionales.<\/p>\n\n\n\n<p>Colombia suscribi\u00f3 la Convenci\u00f3n Americana sobre los Derechos Humanos en\nSan Jos\u00e9 de Costa Rica el 22 de noviembre de 1969 y el 31 de julio de 1973 la\nratific\u00f3.<\/p>\n\n\n\n<p>Es necesario anotar que el Estado colombiano jam\u00e1s ha cumplido las\nnormas impuestas por las Declaraciones, Pactos y Protocolos suscritos a nivel\ninternacional veamos porqu\u00e9:<\/p>\n\n\n\n<p>1- La Ley de 1968 introduce en\nnuestro territorio la&nbsp;<strong>\u201cDoctrina de\nSeguridad Nacional\u201d&nbsp;<\/strong>dirigida por el Pent\u00e1gono.<\/p>\n\n\n\n<p>2- La Disposici\u00f3n 005 de 1969 retoma esa Ley por parte de la Fuerzas\nMilitares y es puntual de los grupos paramilitares.<\/p>\n\n\n\n<p>3- Los Decretos 180, 181 y 182 de 1988, entronizan el terror y dan\nprimac\u00eda al poder militar sobre el poder civil judicial.<\/p>\n\n\n\n<p>La imposici\u00f3n de estas Leyes, Decretos y Disposiciones, anulan cualquier\nposibilidad de cumplimiento de las normas internacionales.<\/p>\n","protected":false},"excerpt":{"rendered":"<p>Tomado de: ASOCIACI\u00d3N NACIONAL DE USUARIOS CAMPESINOS &nbsp; Decreto 755 de 1967 Secretaria de Derechos Humanos Introducci\u00f3n Mucho se habla<\/p>\n","protected":false},"author":1,"featured_media":729,"comment_status":"open","ping_status":"open","sticky":false,"template":"","format":"standard","meta":{"colormag_page_layout":"default_layout","footnotes":""},"categories":[15],"tags":[65,14],"class_list":["post-728","post","type-post","status-publish","format-standard","has-post-thumbnail","hentry","category-derechos-humanos","tag-historia-de-los-derechos-humanos","tag-ddhh"],"_links":{"self":[{"href":"https:\/\/cospacc.org\/index.php?rest_route=\/wp\/v2\/posts\/728","targetHints":{"allow":["GET"]}}],"collection":[{"href":"https:\/\/cospacc.org\/index.php?rest_route=\/wp\/v2\/posts"}],"about":[{"href":"https:\/\/cospacc.org\/index.php?rest_route=\/wp\/v2\/types\/post"}],"author":[{"embeddable":true,"href":"https:\/\/cospacc.org\/index.php?rest_route=\/wp\/v2\/users\/1"}],"replies":[{"embeddable":true,"href":"https:\/\/cospacc.org\/index.php?rest_route=%2Fwp%2Fv2%2Fcomments&post=728"}],"version-history":[{"count":5,"href":"https:\/\/cospacc.org\/index.php?rest_route=\/wp\/v2\/posts\/728\/revisions"}],"predecessor-version":[{"id":827,"href":"https:\/\/cospacc.org\/index.php?rest_route=\/wp\/v2\/posts\/728\/revisions\/827"}],"wp:featuredmedia":[{"embeddable":true,"href":"https:\/\/cospacc.org\/index.php?rest_route=\/wp\/v2\/media\/729"}],"wp:attachment":[{"href":"https:\/\/cospacc.org\/index.php?rest_route=%2Fwp%2Fv2%2Fmedia&parent=728"}],"wp:term":[{"taxonomy":"category","embeddable":true,"href":"https:\/\/cospacc.org\/index.php?rest_route=%2Fwp%2Fv2%2Fcategories&post=728"},{"taxonomy":"post_tag","embeddable":true,"href":"https:\/\/cospacc.org\/index.php?rest_route=%2Fwp%2Fv2%2Ftags&post=728"}],"curies":[{"name":"wp","href":"https:\/\/api.w.org\/{rel}","templated":true}]}}