{"id":734,"date":"2019-11-05T15:56:42","date_gmt":"2019-11-05T15:56:42","guid":{"rendered":"https:\/\/cospacc.org\/?p=734"},"modified":"2019-11-23T06:04:43","modified_gmt":"2019-11-23T06:04:43","slug":"declaracion-universal-de-los-derechos-de-los-pueblos","status":"publish","type":"post","link":"https:\/\/cospacc.org\/?p=734","title":{"rendered":"Declaraci\u00f3n Universal de los Derechos de los Pueblos"},"content":{"rendered":"\n<p><em>Esta Declaraci\u00f3n propende por el respeto de los Derechos de los ciudadanos como parte de los pueblos que se enfrentan a situaciones de opresi\u00f3n econ\u00f3mica, pol\u00edtica, social y cultural y se basa en los Derechos Humanos.<\/em><\/p>\n\n\n\n<p>Esta fue redactada por m\u00e1s de cien personalidades de diferentes\npa\u00edses, entre los cuales se encontraban miembros del Tribunal Russel. Ese organismo\nse cre\u00f3 en 1966 a ra\u00edz de la propuesta del ingl\u00e9s Bertrand Russel para condenar\nlos cr\u00edmenes de los Estado Unidos en la guerra del Viet Nam; en 1973 el segundo\nTribunal de Russel conden\u00f3 las dictaduras militares de Brasil, Chile, Uruguay y\nBolivia. El 17 de enero de 1976 funcion\u00f3 el Tribunal Russel Tercero en la idea\nde sesionar en 1978 en Alemania (como lo hizo) para analizar los recortes al\nejercicio de los profesionales en ese pa\u00eds. Luego para denunciar el crimen de etnocidio\ny otras violaciones a los Derechos de los ind\u00edgenas en el continente americano.<\/p>\n\n\n\n<p>El imperialismo, con procedimientos p\u00e9rfidos y brutales, con\nla complicidad de gobiernos que a menudo se han autodesignado, siguen dominando\nuna parte del mundo.&nbsp; Interviniendo\ndirectamente e indirectamente, por intermedio de las empresas multinacionales,\nutilizando a pol\u00edticos locales corruptos, y ayudando a reg\u00edmenes militares que\nse basan en la represi\u00f3n policial, la tortura y la exterminaci\u00f3n f\u00edsica de los\nopositores; por un conjunto de pr\u00e1cticas a las que se les llama neocolonialismo,\nel imperialismo extiende su dominaci\u00f3n a numerosos pueblos.<\/p>\n\n\n\n<p>Consientes de interpretar las aspiraciones de nuestra \u00e9poca,\nnos hemos reunido en Argel para proclamar que todos los pueblos del mundo\ntienen el mismo derecho a la libertad, el derecho de liberasen de toda traba\nextranjera, y d darse el gobierno que elijan; el derecho, si est\u00e1n sojuzgados,\nde luchar por su liberaci\u00f3n, y el derecho de contar en su lucha con el apoyo de\notros pueblos.<\/p>\n\n\n\n<p>Persuadidos de que el respeto efectivo de los Derechos del\nHombre implica el respeto de los Derechos de los Pueblos, hemos adoptado la <strong>Declaraci\u00f3n universal de los Derechos de\nlos Pueblos.<\/strong><\/p>\n\n\n\n<p>Que todos loss que, a trav\u00e9s del mundo, libran la gran\nlucha, a menudo con las armas en la mano por la liberaci\u00f3n de todos los\npueblos, encuentren en la presente Declaraci\u00f3n la seguridad de que su lucha es leg\u00edtima.\nNo sesion\u00f3 el Cuarto Tribunal Russel, Organismo que despareci\u00f3 al constituirse\nla Liga Internacional por los Derechos y la Liberaci\u00f3n de los Pueblos, con sede\nen Roma (Italia) aprobada el 4 de julio de 1976.<\/p>\n\n\n\n<p>A continuaci\u00f3n, transcribimos el pre\u00e1mbulo de esta Declaraci\u00f3n\npara conocimiento de los lectores:<\/p>\n\n\n\n<p><strong><em>Pre\u00e1mbulo<\/em><\/strong><\/p>\n\n\n\n<p>Vivimos tiempos de grandes esperanzas, pero tambi\u00e9n de\nprofundas inquietudes.<\/p>\n\n\n\n<ul class=\"wp-block-list\"><li>Tiempos llenos de conflictos y contradicciones <\/li><li>Tiempos en que las luchas de liberaci\u00f3n han\nalcanzado a los pueblos del mundo contra las estructuras nacionales e\ninternacionales del imperialismo, han conseguido derribar sistemas coloniales.<\/li><li>Tiempos de luchas y de victorias en que las naciones\nse dan, entre ellas o en su interior, nuevos ideales de justicia.<\/li><li>Tiempos en que las resoluciones de la Asamblea General\nde las Naciones Unidas desde la Declaraci\u00f3n Universal de los Derechos del\nhombre hasta la Carta de los Derechos y Deberes Econ\u00f3micos de los Estados, han\nexpresado la B\u00fasqueda de un nuevo orden pol\u00edtico y econ\u00f3mico internacional.<\/li><\/ul>\n\n\n\n<p>Pero son tambi\u00e9n, tiempos de frustraciones y derrotas, en\nque aparecen nuevas formas de imperialismo para oprimir y explotar a los pueblos.<\/p>\n\n\n\n<p><strong><em>Reflexiones<\/em><\/strong><\/p>\n\n\n\n<p>Es necesario elevar nuestra conciencia de clase para evitar\nm\u00e1s atropellos, asesinatos, masacres, desapariciones, detenciones y todo\naquello que viene asediando a la clase popular impidiendo &nbsp;un feliz desarrollo hacia una liberaci\u00f3n, por\nlo tanto debemos integrarnos dentro de un nuevo contexto de lucha popular, es preciso\ncrear un Movimiento de Lucha por la Defensa de la Vida y de los Derechos\nHumanos, no quedarnos en la denuncia la que es necesaria y forma parte de una\nTribuna Concientizadora para la opini\u00f3n p\u00fablica internacional y nacional&nbsp; es tambi\u00e9n necesario crear mecanismos con los\ncuales podamos aunar esfuerzos&nbsp; y luchar\npor nuestros derechos, tales como; redes de informaci\u00f3n, de tal manera que en\nel momento que suceda el hecho atentatorio contra las comunidades se est\u00e9\ninformando con lo cual podr\u00e1n &nbsp;tomar medidas\npertinentes; contar con una red de abogados a nivel nacional que nos pueda\nprestar su colaboraci\u00f3n en forma inmediata; tener contacto con los diferentes\norganismos de Derechos Humanos.<\/p>\n\n\n\n<p class=\"has-text-align-left\">Desarrollar una campa\u00f1a concientizadora a trav\u00e9s de la\neducaci\u00f3n de las bases, donde con an\u00e1lisis concretos de la realidad donde sea\nla Organizaci\u00f3n el mejor m\u00e9todo para desarrollar la lucha. As\u00ed mismo es urgente\nque se creen las secretar\u00edas de Derechos Humanos veredales, corrigimentales,\nmunicipales, departamentales; las que se tendr\u00e1n que coordinar entre s\u00ed, bajo\nlas directrices de la pol\u00edtica que se trace en la Junta Nacional.<\/p>\n\n\n\n<p><strong><em>Y sepan que s\u00f3lo muero <\/em><\/strong><\/p>\n\n\n\n<p><em><strong>Si ustedes van aflojando<\/strong><\/em><\/p>\n\n\n\n<p><strong><em>Porque el que muri\u00f3 peleando <\/em><\/strong><\/p>\n\n\n\n<p><strong><em>Vive en cada compa\u00f1ero\u2026\u2026..<\/em><\/strong><\/p>\n\n\n\n<p><em>Tomado de: Asociaci\u00f3n Nacional de Usuarios Campesinos ( 1967)<\/em><\/p>\n","protected":false},"excerpt":{"rendered":"<p>Esta Declaraci\u00f3n propende por el respeto de los Derechos de los ciudadanos como parte de los pueblos que se enfrentan<\/p>\n","protected":false},"author":1,"featured_media":735,"comment_status":"open","ping_status":"open","sticky":false,"template":"","format":"standard","meta":{"colormag_page_layout":"default_layout","footnotes":""},"categories":[15],"tags":[66,14],"class_list":["post-734","post","type-post","status-publish","format-standard","has-post-thumbnail","hentry","category-derechos-humanos","tag-declaracion-de-los-derechos-de-los-pueblos","tag-ddhh"],"_links":{"self":[{"href":"https:\/\/cospacc.org\/index.php?rest_route=\/wp\/v2\/posts\/734","targetHints":{"allow":["GET"]}}],"collection":[{"href":"https:\/\/cospacc.org\/index.php?rest_route=\/wp\/v2\/posts"}],"about":[{"href":"https:\/\/cospacc.org\/index.php?rest_route=\/wp\/v2\/types\/post"}],"author":[{"embeddable":true,"href":"https:\/\/cospacc.org\/index.php?rest_route=\/wp\/v2\/users\/1"}],"replies":[{"embeddable":true,"href":"https:\/\/cospacc.org\/index.php?rest_route=%2Fwp%2Fv2%2Fcomments&post=734"}],"version-history":[{"count":3,"href":"https:\/\/cospacc.org\/index.php?rest_route=\/wp\/v2\/posts\/734\/revisions"}],"predecessor-version":[{"id":825,"href":"https:\/\/cospacc.org\/index.php?rest_route=\/wp\/v2\/posts\/734\/revisions\/825"}],"wp:featuredmedia":[{"embeddable":true,"href":"https:\/\/cospacc.org\/index.php?rest_route=\/wp\/v2\/media\/735"}],"wp:attachment":[{"href":"https:\/\/cospacc.org\/index.php?rest_route=%2Fwp%2Fv2%2Fmedia&parent=734"}],"wp:term":[{"taxonomy":"category","embeddable":true,"href":"https:\/\/cospacc.org\/index.php?rest_route=%2Fwp%2Fv2%2Fcategories&post=734"},{"taxonomy":"post_tag","embeddable":true,"href":"https:\/\/cospacc.org\/index.php?rest_route=%2Fwp%2Fv2%2Ftags&post=734"}],"curies":[{"name":"wp","href":"https:\/\/api.w.org\/{rel}","templated":true}]}}