{"id":737,"date":"2019-11-16T03:30:25","date_gmt":"2019-11-16T03:30:25","guid":{"rendered":"https:\/\/cospacc.org\/?p=737"},"modified":"2025-04-30T05:04:07","modified_gmt":"2025-04-30T05:04:07","slug":"denuncia-publica-11","status":"publish","type":"post","link":"https:\/\/cospacc.org\/?p=737","title":{"rendered":"DENUNCIA P\u00daBLICA"},"content":{"rendered":"\n<p>Yopal, 15 de noviembre de 2019<\/p>\n\n\n\n<p><strong>AMENAZA EN CONTRA DE ALIX MIRIAN AGUILAR MAR\u00cdN, L\u00cdDER SOCIAL PRIVADA DE LA LIBERTAD EN ASENTAMIENTO HUMANO MI NUEVA ESPERANZA DE YOPAL, CASANARE.<\/strong><\/p>\n\n\n\n<p><strong>Antecedentes<\/strong><\/p>\n\n\n\n<p>ALIX MIRIAN AGUILAR MAR\u00cdN es una reconocida l\u00edder\nsocial y comunitaria de Yopal e integrante de la Asociaci\u00f3n de Mujeres Unidas\npor Casanare (ASMUC), organizaci\u00f3n social de Congreso de los Pueblos. ALIX\nMIRIAN AGUILAR MAR\u00cdN ha luchado por los derechos de las comunidades urbanas,\nlos derechos de las mujeres y especialmente el derecho a la vivienda digna.<\/p>\n\n\n\n<p>La Unidad Nacional de Protecci\u00f3n (UNP) identific\u00f3 un\nriesgo extraordinario sobre ALIX MIRIAN AGUILAR MAR\u00cdN, por lo cual le asignaron\nmedidas de protecci\u00f3n de marzo de 2018 a marzo de 2019.<\/p>\n\n\n\n<p>ALIX MIRIAN AGUILAR MAR\u00cdN fue capturada el 30 de\nseptiembre de 2018 en su residencia ubicada en el asentamiento humano Mi Nueva\nEsperanza, de la ciudad de Yopal. Ha sido vinculada a un proceso judicial\nadelantado por la EDA 135 de la Fiscal\u00eda General de la Naci\u00f3n, en el que se\ndict\u00f3 medida de aseguramiento domiciliaria, por lo que la l\u00edder se encuentra\nprivada de la libertad. <\/p>\n\n\n\n<p><strong>Hechos<\/strong><\/p>\n\n\n\n<p><strong>1. <\/strong>El 15 de noviembre de 2019 a\nlas 8.59 am un hombre desconocido y sin identificarse ingres\u00f3 a la vivienda de\nALIX MIRIAN AGUILAR MAR\u00cdN en el asentamiento humano Mi Nuevo Porvenir. Por\nmedio de insultos le afirm\u00f3: <strong><em>\u201custed no se va a salir con las suyas\u201d<\/em><\/strong>,\nmientras se levant\u00f3 la camisa para exponer un <strong>arma de fuego<\/strong> que portaba\nen la cintura y posteriormente huir del lugar.<\/p>\n\n\n\n<p><strong>2.<\/strong> ALIX MIRIAN AGUILAR MAR\u00cdN se comunic\u00f3 con\nel cuadrante 15 de polic\u00eda de Yopal para exponer la grave situaci\u00f3n de\nseguridad. 15 minutos despu\u00e9s hicieron presencia en el lugar patrulleros de la\nPolic\u00eda Nacional; quienes entrevistaron a la v\u00edctima y pusieron en conocimiento\nla situaci\u00f3n, al parecer, a funcionarios de la SIJIN.<\/p>\n\n\n\n<p>&nbsp;<strong>Exigimos<\/strong><\/p>\n\n\n\n<ul class=\"wp-block-list\"><li>A la Procuradur\u00eda General de la\nNaci\u00f3n y a la Fiscal\u00eda General de la Naci\u00f3n, a investigar estos hechos y a\nadelantar los procesos judiciales a los que haya lugar.<\/li><\/ul>\n\n\n\n<ul class=\"wp-block-list\"><li>Al gobierno nacional a que se\ntomen las medidas necesarias que garanticen el derecho a la vida, la integridad\ny la seguridad de las personas privadas de la libertad.<\/li><\/ul>\n\n\n\n<ul class=\"wp-block-list\"><li>A la comunidad nacional e\ninternacional a vigilar, rechazar y denunciar las actuaciones paramilitares que\nbuscan desarticular los procesos organizativos y las luchas por condiciones de\nvida digna.<\/li><\/ul>\n\n\n\n<p><strong>CORPORACI\u00d3N SOCIAL PARA LA\nASESOR\u00cdA Y CAPACITACI\u00d3N COMUNITARIA \u2013 COSPACC \u2013 <\/strong><\/p>\n\n\n\n<p>Copia a:<\/p>\n\n\n\n<p>&#8211; Consejer\u00eda Presidencial para\nlos Derechos Humanos<\/p>\n\n\n\n<p>&#8211; Cumbre Agraria Campesina\n\u00c9tnica y Popular \u2013 Subcomisi\u00f3n de Derechos Humanos<\/p>\n\n\n\n<p>&#8211; Defensor\u00eda del Pueblo\nRegional Casanare<\/p>\n\n\n\n<p>&#8211; Procuradur\u00eda General de la\nNaci\u00f3n<\/p>\n\n\n\n<p>&#8211; Alto comisionado de las\nNaciones Unidas para los Derechos Humanos<\/p>\n","protected":false},"excerpt":{"rendered":"<p>Yopal, 15 de noviembre de 2019 AMENAZA EN CONTRA DE ALIX MIRIAN AGUILAR MAR\u00cdN, L\u00cdDER SOCIAL PRIVADA DE LA LIBERTAD<\/p>\n","protected":false},"author":1,"featured_media":738,"comment_status":"open","ping_status":"open","sticky":false,"template":"","format":"standard","meta":{"colormag_page_layout":"default_layout","footnotes":""},"categories":[47],"tags":[63],"class_list":["post-737","post","type-post","status-publish","format-standard","has-post-thumbnail","hentry","category-comunicados-y-denuncias","tag-ddhh-serlidersocialnoesdelito"],"_links":{"self":[{"href":"https:\/\/cospacc.org\/index.php?rest_route=\/wp\/v2\/posts\/737","targetHints":{"allow":["GET"]}}],"collection":[{"href":"https:\/\/cospacc.org\/index.php?rest_route=\/wp\/v2\/posts"}],"about":[{"href":"https:\/\/cospacc.org\/index.php?rest_route=\/wp\/v2\/types\/post"}],"author":[{"embeddable":true,"href":"https:\/\/cospacc.org\/index.php?rest_route=\/wp\/v2\/users\/1"}],"replies":[{"embeddable":true,"href":"https:\/\/cospacc.org\/index.php?rest_route=%2Fwp%2Fv2%2Fcomments&post=737"}],"version-history":[{"count":5,"href":"https:\/\/cospacc.org\/index.php?rest_route=\/wp\/v2\/posts\/737\/revisions"}],"predecessor-version":[{"id":823,"href":"https:\/\/cospacc.org\/index.php?rest_route=\/wp\/v2\/posts\/737\/revisions\/823"}],"wp:featuredmedia":[{"embeddable":true,"href":"https:\/\/cospacc.org\/index.php?rest_route=\/wp\/v2\/media\/738"}],"wp:attachment":[{"href":"https:\/\/cospacc.org\/index.php?rest_route=%2Fwp%2Fv2%2Fmedia&parent=737"}],"wp:term":[{"taxonomy":"category","embeddable":true,"href":"https:\/\/cospacc.org\/index.php?rest_route=%2Fwp%2Fv2%2Fcategories&post=737"},{"taxonomy":"post_tag","embeddable":true,"href":"https:\/\/cospacc.org\/index.php?rest_route=%2Fwp%2Fv2%2Ftags&post=737"}],"curies":[{"name":"wp","href":"https:\/\/api.w.org\/{rel}","templated":true}]}}