{"id":751,"date":"2019-11-20T22:59:38","date_gmt":"2019-11-20T22:59:38","guid":{"rendered":"https:\/\/cospacc.org\/?p=751"},"modified":"2019-11-23T05:42:50","modified_gmt":"2019-11-23T05:42:50","slug":"comunicado-sobre-la-situacion-de-ddhh-en-boyaca-previo-al-paro-nacional-21n","status":"publish","type":"post","link":"https:\/\/cospacc.org\/?p=751","title":{"rendered":"COMUNICADO SOBRE LA SITUACI\u00d3N DE DDHH EN BOYAC\u00c1 PREVIO AL PARO NACIONAL 21N"},"content":{"rendered":"\n<p>Noviembre 20 del 2019<\/p>\n\n\n\n<p>En respuesta a la convocatoria de la Gobernaci\u00f3n\nde Boyac\u00e1, a un Consejo de Seguridad Departamental ampliado el 18 de noviembre,\nintegrantes de organizaciones sociales que convocamos al Paro en el\ndepartamento y organizaciones de derechos humanos solicitamos la aplicaci\u00f3n del\n<em>\u201cProtocolo para la coordinaci\u00f3n de las acciones de respeto y garant\u00eda a la\nprotesta pac\u00edfica como un ejercicio leg\u00edtimo de los\nderechos de reuni\u00f3n, manifestaci\u00f3n p\u00fablica y pac\u00edfica, libertad de asociaci\u00f3n,\nlibre de circulaci\u00f3n, a la libre expresi\u00f3n, libertad de conciencia, a la\noposici\u00f3n y a la participaci\u00f3n, inclusive de quienes no participan en la\nprotesta pac\u00edfica\u00bb <\/em>(Resoluci\u00f3n 1190 de 2018 del Ministerio del\nInterior) en la jornada de Paro Nacional del 21 de noviembre. <\/p>\n\n\n\n<p>Ante las declaraciones por parte de algunos\nmedios de comunicaci\u00f3n<a href=\"#_ftn1\">[1]<\/a>,\nconsideramos necesario pronunciarnos:<\/p>\n\n\n\n<ol class=\"wp-block-list\"><li><strong>Rechazamos<\/strong> rotundamente la afirmaci\u00f3n seg\u00fan la cual se concretaron\n\u00abdesbloqueos concertados\u00bb o \u00abpuntos autorizados de bloqueos\u00bb. La protesta es espont\u00e1nea, este punto NO SE CONCERT\u00d3,\ntergiversa lo discutido y desconoce la naturaleza legal de la movilizaci\u00f3n.<\/li><\/ol>\n\n\n\n<ul class=\"wp-block-list\"><li><strong>Rechazamos <\/strong>que establezcan \u201cpermisos\u201d para la protesta social, luego es un\nderecho conformado por cuatro derechos fundamentales, lo que implica que exigir\n\u201cpermisos\u201d va en contra de lo establecido por el protocolo mencionado (Res.\n1190 de 2018), la ley, la Constituci\u00f3n y la jurisprudencia de la Corte\nConstitucional. Tergiversa lo discutido y desconoce la naturaleza de la\nmovilizaci\u00f3n. <\/li><\/ul>\n\n\n\n<p>&nbsp;&nbsp;&nbsp;&nbsp;&nbsp;&nbsp;&nbsp;&nbsp;&nbsp;&nbsp;&nbsp; Al contrario, s\u00ed fue acordado que las actuaciones de las autoridades y la Fuerza P\u00fablica estar\u00e1n enmarcadas en los principios contenidos en las <strong>Resoluciones 1190 de 2018, protocolo ya mencionado y 0448 de 2015<\/strong> (reglamento sobre el uso de la fuerza y el empleo de elementos, dispositivos, municiones y armas no letales), de manera que ante los bloqueos las autoridades tienen la obligaci\u00f3n de respetar los derechos de los manifestantes y buscar la concertaci\u00f3n con la interlocuci\u00f3n de defensores y defensoras de derechos humanos. <\/p>\n\n\n\n<ul class=\"wp-block-list\"><li><strong>Rechazamos<\/strong> la expresi\u00f3n <em>\u00abpromover el\nno uso de capuchas\u00bb<\/em>. La violencia e individualizaci\u00f3n que realiza la fuerza\np\u00fablica contra los manifestantes es causa del uso de estos elementos.\nEstigmatizar y simplificar el problema a una \u00abpromoci\u00f3n del uso\u00bb es ignorar los\nabusos sistem\u00e1ticos que hemos denunciado ante diferentes instancias y a los que\nhemos sido sometidos hist\u00f3ricamente. Adicionalmente, fuimos reiterativos en que\nasumir este tipo de compromisos desborda nuestras capacidades toda vez que el\nejercicio de protesta tiene diversas formas de expresi\u00f3n que respetamos y no\npodemos estigmatizar ni restringir luego no es nuestra labor.<\/li><\/ul>\n\n\n\n<ul class=\"wp-block-list\"><li>En ning\u00fan momento los sectores\nsindicales, sociales y estudiantiles asumimos responsabilidad alguna sobre los\ndesmanes que puedan ser causados por el uso desmedido de la fuerza por parte\ndel ESMAD, y <strong>reiteramos el llamado <\/strong>a las autoridades que asumieron el compromiso\na mantener \u00e9ste escuadr\u00f3n fuera de las calles. <\/li><\/ul>\n\n\n\n<ul class=\"wp-block-list\"><li>Pese a que se trat\u00f3 de un Consejo de\nSeguridad de car\u00e1cter departamental, solamente asisti\u00f3 el alcalde de Tunja,\nPablo Cepeda, junto con su secretario de gobierno, quien manifest\u00f3 que el d\u00eda\nde hoy todos los alcaldes del pa\u00eds est\u00e1n convocados por el Gobierno Nacional\npara recibir orientaciones respecto al paro nacional, por lo tanto sus\ndecisiones depender\u00e1n de ello. <\/li><\/ul>\n\n\n\n<p><strong>&nbsp;&nbsp;&nbsp;&nbsp;&nbsp;&nbsp;&nbsp;&nbsp;&nbsp;&nbsp;&nbsp; Rechazamos\ny denunciamos que <\/strong>mientras se desarrollaba el Consejo\nDepartamental, en la ciudad de Sogamoso el alcalde JORGE ARTURO MAYORGA\nESGUERRA, firmaba un Decreto en el cual, entre otras cosas, exige a las\npersonas sacar permisos y cumplir requisitos ante la secretar\u00eda de gobierno y\nla oficina de planeaci\u00f3n, para poder \u201cocupar espacios p\u00fablicos\u201d; proh\u00edbe a las\npersonas cubrir su rostro con m\u00e1scaras o capuchas durante las manifestaciones;\nproh\u00edbe el uso de drones que no sean de la fuerza p\u00fablica (cuando no hay\nregulaci\u00f3n clara de este tipo de dispositivos que atenta contra la protesta\nsocial); y decreta ley seca. <\/p>\n\n\n\n<p>&nbsp;&nbsp;&nbsp;&nbsp;&nbsp;&nbsp;&nbsp;&nbsp;&nbsp;&nbsp;&nbsp; En la\nciudad de Duitama se presentaba una fuerte militarizaci\u00f3n, principalmente en el\nsector de Higueras, donde han sido ubicadas tanquetas del ESMAD y veh\u00edculos de\nguerra del Ej\u00e9rcito Nacional. Situaci\u00f3n que al momento de hacer p\u00fablico este\ncomunicado, contin\u00faa, pese al compromiso de retirarlos. <\/p>\n\n\n\n<p>Otros puntos que se acordaron:<\/p>\n\n\n\n<p>&#8211;&nbsp;&nbsp;&nbsp;&nbsp;&nbsp;&nbsp;&nbsp;&nbsp;&nbsp;&nbsp; Se\nestablecer\u00e1n Puntos de Mando Unificado \u2013PMU en Duitama, Sogamoso, Chiquinquir\u00e1\ny en Tunja, \u00e9ste \u00faltimo en la gobernaci\u00f3n de Boyac\u00e1, los cuales estar\u00e1n\ninstalados durante toda la jornada de paro nacional y contar\u00e1n con la\nparticipaci\u00f3n de delegados de las organizaciones sociales y de derechos humanos\nen aplicaci\u00f3n del Protocolo.<\/p>\n\n\n\n<p>&#8211;&nbsp;&nbsp;&nbsp;&nbsp;&nbsp;&nbsp;&nbsp;&nbsp;&nbsp;&nbsp; El\nMinisterio P\u00fablico, en cabeza de la Procuradur\u00eda Regional y la Defensor\u00eda del\nPueblo, y de manera articulada con las Procuradur\u00edas Provinciales y las\nPersoner\u00edas Municipales, realizar\u00e1n la verificaci\u00f3n previa del armamento que\nemplear\u00e1 la fuerza p\u00fablica. Igualmente tendr\u00e1n plenamente individualizados a\ntodos los agentes disponibles en el marco de la protesta. <\/p>\n\n\n\n<p>&#8211;&nbsp;&nbsp;&nbsp;&nbsp;&nbsp;&nbsp;&nbsp;&nbsp;&nbsp;&nbsp; El\ncomandante de la Polic\u00eda de Boyac\u00e1, coronel Germ\u00e1n Jaramillo, y la comandante\nde la METUN, coronel Mar\u00eda Emma Caro, se comprometen a<strong> no permitir la\npresencia de agentes no uniformados<\/strong> en las marchas y dem\u00e1s acciones de\nmovilizaci\u00f3n.<\/p>\n\n\n\n<p>Solicitamos a los medios de comunicaci\u00f3n\npropender por un ejercicio de periodismo responsable, en aras de evitar la\ndesinformaci\u00f3n.<\/p>\n\n\n\n<p><strong>COMIT\u00c9&nbsp; DE DERECHOS HUMANOS <\/strong><\/p>\n\n\n\n<p><strong>COORDINADORA\nDE ORGANIZACIONES SOCIALES (COS) TUNJA<\/strong><\/p>\n\n\n\n<p><strong>COSPACC\n&#8211; Congreso de los Pueblos<\/strong><\/p>\n\n\n\n<p><strong>CDPH<\/strong><\/p>\n\n\n\n<p><strong>Juventud\nRebelde &#8211; Marcha Patri\u00f3tica<\/strong><strong>Comit\u00e9\nde DDHH de la<\/strong><br><\/p>\n\n\n\n<hr class=\"wp-block-separator\"\/>\n\n\n\n<p><a href=\"#_ftnref1\">[1]<\/a>&nbsp;&nbsp;&nbsp;&nbsp; BOYAC\u00c1 RADIO, martes 19 de noviembre de\n2019. \u201cEn Boyac\u00e1 se firm\u00f3 acuerdo 21 sin miedo, sin violencia en el que\nse busca evitar se generen hechos de violencia desmanes y situaciones de riesgo\npara la comunidad\u201d. <a href=\"https:\/\/www.boyacaradio.com\/noticia.php?id=26039#ver\">https:\/\/www.boyacaradio.com\/noticia.php?id=26039#ver<\/a><\/p>\n\n\n\n<p>&nbsp;&nbsp;&nbsp;&nbsp;&nbsp;&nbsp;&nbsp; ELDIARIO\nBOYAC\u00c1, martes 19 de noviembre de 2019. \u201cNo habr\u00e1 ESMAD en Boyac\u00e1 para el paro\ndel 21 de noviembre\u201d. http:\/\/www.periodicoeldiario.com\/2019\/11\/19\/no-habra-esmad-en-boyaca-para-el-paro-del-21-de-noviembre\/<\/p>\n\n\n\n<p>&nbsp;&nbsp;&nbsp;&nbsp;&nbsp;&nbsp;&nbsp; W RADIO,\nmartes 19 de noviembre de 2019. \u201cEn Boyac\u00e1 no habr\u00e1 ESMAD y estudiantes no\nusar\u00e1n capuchas en marchas del 21 de noviembre\u201d <a href=\"https:\/\/www.wradio.com.co\/noticias\/regionales\/en-boyaca-no-habra-esmad-y-estudiantes-no-usaran-capuchas-en-marchas-del-21-de-noviembre\/20191119\/nota\/3980734.aspx\">https:\/\/www.wradio.com.co\/noticias\/regionales\/en-boyaca-no-habra-esmad-y-estudiantes-no-usaran-capuchas-en-marchas-del-21-de-noviembre\/20191119\/nota\/3980734.aspx<\/a><\/p>\n","protected":false},"excerpt":{"rendered":"<p>Noviembre 20 del 2019 En respuesta a la convocatoria de la Gobernaci\u00f3n de Boyac\u00e1, a un Consejo de Seguridad Departamental<\/p>\n","protected":false},"author":1,"featured_media":752,"comment_status":"open","ping_status":"open","sticky":false,"template":"","format":"standard","meta":{"colormag_page_layout":"default_layout","footnotes":""},"categories":[47],"tags":[],"class_list":["post-751","post","type-post","status-publish","format-standard","has-post-thumbnail","hentry","category-comunicados-y-denuncias"],"_links":{"self":[{"href":"https:\/\/cospacc.org\/index.php?rest_route=\/wp\/v2\/posts\/751","targetHints":{"allow":["GET"]}}],"collection":[{"href":"https:\/\/cospacc.org\/index.php?rest_route=\/wp\/v2\/posts"}],"about":[{"href":"https:\/\/cospacc.org\/index.php?rest_route=\/wp\/v2\/types\/post"}],"author":[{"embeddable":true,"href":"https:\/\/cospacc.org\/index.php?rest_route=\/wp\/v2\/users\/1"}],"replies":[{"embeddable":true,"href":"https:\/\/cospacc.org\/index.php?rest_route=%2Fwp%2Fv2%2Fcomments&post=751"}],"version-history":[{"count":5,"href":"https:\/\/cospacc.org\/index.php?rest_route=\/wp\/v2\/posts\/751\/revisions"}],"predecessor-version":[{"id":817,"href":"https:\/\/cospacc.org\/index.php?rest_route=\/wp\/v2\/posts\/751\/revisions\/817"}],"wp:featuredmedia":[{"embeddable":true,"href":"https:\/\/cospacc.org\/index.php?rest_route=\/wp\/v2\/media\/752"}],"wp:attachment":[{"href":"https:\/\/cospacc.org\/index.php?rest_route=%2Fwp%2Fv2%2Fmedia&parent=751"}],"wp:term":[{"taxonomy":"category","embeddable":true,"href":"https:\/\/cospacc.org\/index.php?rest_route=%2Fwp%2Fv2%2Fcategories&post=751"},{"taxonomy":"post_tag","embeddable":true,"href":"https:\/\/cospacc.org\/index.php?rest_route=%2Fwp%2Fv2%2Ftags&post=751"}],"curies":[{"name":"wp","href":"https:\/\/api.w.org\/{rel}","templated":true}]}}