{"id":842,"date":"2019-11-23T15:30:52","date_gmt":"2019-11-23T15:30:52","guid":{"rendered":"https:\/\/cospacc.org\/?p=842"},"modified":"2019-11-23T15:30:54","modified_gmt":"2019-11-23T15:30:54","slug":"la-iglesia-la-propiedad-y-tenencia-de-la-tierra-en-colombia","status":"publish","type":"post","link":"https:\/\/cospacc.org\/?p=842","title":{"rendered":"La iglesia, la propiedad y tenencia de la tierra en Colombia"},"content":{"rendered":"\n<p><em>La\npropiedad y tenencia de la tierra en Colombia y en general en Am\u00e9rica parte de\nuna pol\u00edtica utilizada por Espa\u00f1a al invadir el \u201cNuevo Mundo\u201d, a manos de\nCrist\u00f3bal Colon, Los Reyes de Espa\u00f1a (Fernando Arag\u00f3n y Isabel de Castilla).<\/em><\/p>\n\n\n\n<p>Con la invasi\u00f3n de Am\u00e9rica, Los Reyes de Espa\u00f1a empiezan a\nrecibir concesiones sobre el derecho de ocupaci\u00f3n de las nuevas tierras y de\nsus habitantes como una donaci\u00f3n Papal. Era una potestad del Papa Alejandro VI,\nentregar\nlos territorios invadidos a los Reyes Cristianos, es as\u00ed, como reparti\u00f3 en 1493\nel continente americano entre Portugal y Espa\u00f1a a trav\u00e9s de un documento llamado\nBulas (<em>documento pontificio que trata materias de fe, asuntos\nadministrativos o judiciales, o concede ciertos privilegios y que est\u00e1\nautorizado por el Papa mediante un sello que lleva su nombre<\/em>). <\/p>\n\n\n\n<p>La tenencia y la propiedad\nde la tierra en Colombia esta relacionada de forma directa con la iglesia, ya\nque esta, determinaba la jurisdicci\u00f3n y dispon\u00eda de las tierras en\nfavor de un Rey cristiano, cuya directriz deb\u00eda ser siempre la evangelizaci\u00f3n. La\niglesia en cabeza del Papa, ten\u00eda la potestad de quitar la condici\u00f3n de indio\npor ser b\u00e1rbaro, pecador, infiel. Argumentos utilizados para someterlos y\ndespojar de sus tierras. <em>(la doctrina Aristot\u00e9lica,\ndeclaro que los indios eran b\u00e1rbaros y siervos por naturaleza, por lo cual la\nconquista de los espa\u00f1oles estaba plenamente justificada). <\/em>Esta doctrina se\napoyaba en 19 derecho romano, que hac\u00eda uso de la teor\u00eda de la Ocupaci\u00f3n, sin\nimportar que las tierras ya tuvieran due\u00f1os.<\/p>\n\n\n\n<p>Para la \u00e9poca se apreciaban\n&nbsp;formas de resistencia y nuevas\ndiscusiones sobre la tenencia y propiedad de la tierra, se niega\nel poder del Papa sobre los infieles, y sostuvieron que la infidelidad por s\u00ed\nsola no era causa suficiente para justificar la invasi\u00f3n espa\u00f1ola, seg\u00fan\nFrancisco de Vitoria, sostuvo que: \u201c<em>los\nindios, aunque infieles antes de la llegada de los espa\u00f1oles eran leg\u00edtimos\nse\u00f1ores de sus cosas, p\u00fablica y privadamente. Ni el Emperador era se\u00f1or de todo\nel orbe, ni el Papa tenia se\u00f1or\u00edo civil o temporal sobre todo el Universo\u201d<a href=\"#_ftn1\"><strong>[1]<\/strong><\/a>.<\/em><\/p>\n\n\n\n<p>Los indignas defendieron su tierra con la vida, rechazaron\ny se opusieron a los instrumentos legales usados por la iglesia y la Corona\nEspa\u00f1ola para usurparles sus tierras, sus costumbres y su cultura d\u00e1ndose as\u00ed,\nlas primeras rebeliones. A pesar de estas resistencias la Corona y la iglesia\nsustentan la ocupaci\u00f3n argumentando que dejaban a los ind\u00edgenas lo necesario\npara su subsistencia y el resto de tierras eran zonas no habitadas, as\u00ed estos\nlugares pasaron hacer propiedad de los invasores a trav\u00e9s de t\u00edtulos otorgados\npor la Corona &nbsp;<em>\u201cLas Reales Cedulas de Mercedes de\nTierras\u201d<\/em>, y al mecanismo de la ocupaci\u00f3n, as\u00ed&nbsp; muchos de los invasores espa\u00f1oles se\nconstituyeran en verdaderos due\u00f1os de territorio americano<a href=\"#_ftn2\">[2]<\/a>.<\/p>\n\n\n\n<p>La invasi\u00f3n, la ocupaci\u00f3n y el adoctrinamiento religioso\nfueron los primeros m\u00e9todos para despojar de sus tierras a los ind\u00edgenas y as\u00ed,\nel Estado y la iglesia tener dominio sobre la tierra como fuente de poder y\ndominaci\u00f3n. &nbsp;<br><\/p>\n\n\n\n<hr class=\"wp-block-separator\"\/>\n\n\n\n<p><a href=\"#_ftnref1\">[1]<\/a>\nOTS CAPDEQUI, Jos\u00e9 Maria. Derecho Espa\u00f1ol en las Indias. Buenos Aires:\nColecci\u00f3n de Estudios para la Historia del derecho Argentino Vol. III, 1943. p.\n246.<\/p>\n\n\n\n<p><a href=\"#_ftnref2\">[2]<\/a> .\n8 ORTEGA L\u00d3PEZ, Roberto. Apuntes sobre la conquista espa\u00f1ola y la Ocupaci\u00f3n.\nBogot\u00e1: Colecci\u00f3n Tesis Universidad Javeriana, 1945. p. 65 9 Ibid., p. 82. 21<\/p>\n","protected":false},"excerpt":{"rendered":"<p>La propiedad y tenencia de la tierra en Colombia y en general en Am\u00e9rica parte de una pol\u00edtica utilizada por<\/p>\n","protected":false},"author":1,"featured_media":843,"comment_status":"open","ping_status":"open","sticky":false,"template":"","format":"standard","meta":{"colormag_page_layout":"default_layout","footnotes":""},"categories":[72],"tags":[],"class_list":["post-842","post","type-post","status-publish","format-standard","has-post-thumbnail","hentry","category-campesino"],"_links":{"self":[{"href":"https:\/\/cospacc.org\/index.php?rest_route=\/wp\/v2\/posts\/842","targetHints":{"allow":["GET"]}}],"collection":[{"href":"https:\/\/cospacc.org\/index.php?rest_route=\/wp\/v2\/posts"}],"about":[{"href":"https:\/\/cospacc.org\/index.php?rest_route=\/wp\/v2\/types\/post"}],"author":[{"embeddable":true,"href":"https:\/\/cospacc.org\/index.php?rest_route=\/wp\/v2\/users\/1"}],"replies":[{"embeddable":true,"href":"https:\/\/cospacc.org\/index.php?rest_route=%2Fwp%2Fv2%2Fcomments&post=842"}],"version-history":[{"count":2,"href":"https:\/\/cospacc.org\/index.php?rest_route=\/wp\/v2\/posts\/842\/revisions"}],"predecessor-version":[{"id":845,"href":"https:\/\/cospacc.org\/index.php?rest_route=\/wp\/v2\/posts\/842\/revisions\/845"}],"wp:featuredmedia":[{"embeddable":true,"href":"https:\/\/cospacc.org\/index.php?rest_route=\/wp\/v2\/media\/843"}],"wp:attachment":[{"href":"https:\/\/cospacc.org\/index.php?rest_route=%2Fwp%2Fv2%2Fmedia&parent=842"}],"wp:term":[{"taxonomy":"category","embeddable":true,"href":"https:\/\/cospacc.org\/index.php?rest_route=%2Fwp%2Fv2%2Fcategories&post=842"},{"taxonomy":"post_tag","embeddable":true,"href":"https:\/\/cospacc.org\/index.php?rest_route=%2Fwp%2Fv2%2Ftags&post=842"}],"curies":[{"name":"wp","href":"https:\/\/api.w.org\/{rel}","templated":true}]}}