{"id":846,"date":"2019-11-23T15:40:43","date_gmt":"2019-11-23T15:40:43","guid":{"rendered":"https:\/\/cospacc.org\/?p=846"},"modified":"2019-11-23T15:40:45","modified_gmt":"2019-11-23T15:40:45","slug":"la-violencia-contra-la-mujer-un-fenomeno-social-e-historico","status":"publish","type":"post","link":"https:\/\/cospacc.org\/?p=846","title":{"rendered":"La violencia contra la mujer un fen\u00f3meno social e hist\u00f3rico"},"content":{"rendered":"\n<p>D\u00eda tras d\u00eda al conversar con las mujeres el tema com\u00fan es\nla violencia ejercida en contra de ellas, y as\u00ed lo vemos a diario en las\nnoticias, el incremento de los feminicidios, de la violencia intrafamiliar, las violaciones y\ntodos tipos de violencia (<em>En el\nprimer trimestre del a\u00f1o 2019 ten\u00edamos 19 casos de feminicidios, pero en lo\ncorrido de los cinco primeros meses ya vamos con 37. Esos casos muestran un\naumento sustancial con respecto al 2018 y c\u00f3mo el fen\u00f3meno de los feminicidios\ns\u00ed es preocupante y s\u00ed viene aumentando. Frente a las edades,&nbsp;<strong>los feminicidios suceden en las mujeres\ncon edad productiva que son entre los 20 a\u00f1os y los 39 a\u00f1os<\/strong>&nbsp;donde\npresentamos el mayor porcentaje de feminicidio<\/em><em>\u201d\u2019, <\/em>As\u00ed\nlo indica La directora de Medicina Legal, Claudia Adriana\ndel Pilar Garc\u00eda <\/p>\n\n\n\n<p>Pero lo que pocos comprenden y quieren abordar, es que la\nviolencia contra la mujer es un fen\u00f3meno social, multiforme e hist\u00f3rico y\npermeado por m\u00faltiples dimensiones, violencia que se ha venido constituyendo y\nestableciendo en relaciones sociales de g\u00e9nero, raza y clase. Y que en la\nsociedad se ha naturalizado la opresi\u00f3n, discriminaci\u00f3n, explotaci\u00f3n y la\nviolencia cometida contra la mujer, partiendo de una \u201csuperioridad de los\nhombres\u201d frente a una supuesta \u201cinferioridad de la mujer\u201d. <\/p>\n\n\n\n<p>&nbsp;La violencia es una\ndemostraci\u00f3n de poder (hacia una persona, comunidad, pueblo, sector social o\nclase social), en este caso se ejercer el poder sobre las mujeres. La violencia\ncontra la mujer ejercida por los hombres es resultado del modelo patriarcal de\nla sociedad donde las relaciones personales est\u00e1n basadas en la propiedad, el\ndominio y el control sobre la mujer. La violencia del sistema capitalista\npatriarcal se evidencia en todos los \u00e1mbitos y termina reproduci\u00e9ndose en su\nvida diaria como algo natural. Es por esto que las mujeres de la mano con los\nhombres deben trabajar por un cambio social, cultural y pol\u00edtico que conlleven\na superar las relaciones de desigualdad entre hombre y mujeres.<\/p>\n\n\n\n<p>Es as\u00ed que para eliminar la violencia contra la mujer se\ndebe trabajar por construir nuevas relaciones sociales, que se encamine en una\nvida libre de violencias, con condiciones de vida digna, respeto por el ser\nhumano y la naturaleza. Pero para esto se hace necesario que las mujeres se\norganicen, se formen pol\u00edticamente para ganar los espacios de toma de\ndecisiones, y que esto est\u00e9 de la mano de acci\u00f3n, movilizaci\u00f3n y lucha. Romper\nel silencio, entretejer las luchas y reforzar las formas de resistencia es el\nreto de las mujeres para continuar resistiendo.&nbsp;&nbsp; <\/p>\n","protected":false},"excerpt":{"rendered":"<p>D\u00eda tras d\u00eda al conversar con las mujeres el tema com\u00fan es la violencia ejercida en contra de ellas, y<\/p>\n","protected":false},"author":1,"featured_media":847,"comment_status":"open","ping_status":"open","sticky":false,"template":"","format":"standard","meta":{"colormag_page_layout":"default_layout","footnotes":""},"categories":[73],"tags":[74,75],"class_list":["post-846","post","type-post","status-publish","format-standard","has-post-thumbnail","hentry","category-mujer-y-genero","tag-mujer-y-genero","tag-violencia-contra-la-mujer"],"_links":{"self":[{"href":"https:\/\/cospacc.org\/index.php?rest_route=\/wp\/v2\/posts\/846","targetHints":{"allow":["GET"]}}],"collection":[{"href":"https:\/\/cospacc.org\/index.php?rest_route=\/wp\/v2\/posts"}],"about":[{"href":"https:\/\/cospacc.org\/index.php?rest_route=\/wp\/v2\/types\/post"}],"author":[{"embeddable":true,"href":"https:\/\/cospacc.org\/index.php?rest_route=\/wp\/v2\/users\/1"}],"replies":[{"embeddable":true,"href":"https:\/\/cospacc.org\/index.php?rest_route=%2Fwp%2Fv2%2Fcomments&post=846"}],"version-history":[{"count":1,"href":"https:\/\/cospacc.org\/index.php?rest_route=\/wp\/v2\/posts\/846\/revisions"}],"predecessor-version":[{"id":848,"href":"https:\/\/cospacc.org\/index.php?rest_route=\/wp\/v2\/posts\/846\/revisions\/848"}],"wp:featuredmedia":[{"embeddable":true,"href":"https:\/\/cospacc.org\/index.php?rest_route=\/wp\/v2\/media\/847"}],"wp:attachment":[{"href":"https:\/\/cospacc.org\/index.php?rest_route=%2Fwp%2Fv2%2Fmedia&parent=846"}],"wp:term":[{"taxonomy":"category","embeddable":true,"href":"https:\/\/cospacc.org\/index.php?rest_route=%2Fwp%2Fv2%2Fcategories&post=846"},{"taxonomy":"post_tag","embeddable":true,"href":"https:\/\/cospacc.org\/index.php?rest_route=%2Fwp%2Fv2%2Ftags&post=846"}],"curies":[{"name":"wp","href":"https:\/\/api.w.org\/{rel}","templated":true}]}}