{"id":852,"date":"2019-11-23T16:07:10","date_gmt":"2019-11-23T16:07:10","guid":{"rendered":"https:\/\/cospacc.org\/?p=852"},"modified":"2019-11-23T16:07:21","modified_gmt":"2019-11-23T16:07:21","slug":"cual-es-el-miedo-de-la-oligarquia-sobre-el-paro-del-21-de-noviembre-en-colombia","status":"publish","type":"post","link":"https:\/\/cospacc.org\/?p=852","title":{"rendered":"\u00bfCu\u00e1l es el miedo de la oligarqu\u00eda sobre el paro del 21 de noviembre en Colombia?"},"content":{"rendered":"\n<p>Por Mart\u00edn Ayala<\/p>\n\n\n\n<p>Investigador Social<\/p>\n\n\n\n<p>COSPACC<\/p>\n\n\n\n<p>Son apenas 12 horas las que las organizaciones populares han\nconvocado a paro en Colombia y aunque no es un paro donde participen todos los\ngremios del pa\u00eds, la oligarqu\u00eda se asusta, \u00bfser\u00e1 que les da miedo perder toda\nsu comodidad de m\u00e1s de 200 a\u00f1os en el poder y enriquecidos con el sudor de\nnuestra frente?<\/p>\n\n\n\n<p>\u00bfy de que les dar\u00e1 susto?,\nmientras el pueblo sale con pancartas y uno que otro con piedras, la oligarqu\u00eda\nse alista con fusil, tanques, decretos y represi\u00f3n. Lo ir\u00f3nico es que por parte\nde la oligarqu\u00eda ninguno de ellos sale a la calle a defender sus intereses,\ncoloca de carne de ca\u00f1\u00f3n a otros hijos del pueblo que le son obedientes o que\npor necesidad tienen que hacerlo. Nos quieren asustar, pero en la medida que la\ngente decida salir a las calles, no habr\u00e1 suficientes; ni borregos, ni fusiles,\nni gases capaces detener la masa inconforme, as\u00ed esta, tenga como su \u00fanica defensa\nlos pasacalles, las pancartas, la m\u00fasica, el baile, las piedras, el arte, en\npro de contribuir en la construcci\u00f3n de una sociedad que no de miedo ni genere\nterror. Una sociedad Justa y Digna.<\/p>\n\n\n\n<p>Como est\u00e1 planteado el asunto, el\ngobierno represor que adem\u00e1s vive de nuestro trabajo, alista medidas para su\nmayor comodidad y para garantizar eso, responde con m\u00e1s represi\u00f3n. Nos vende la\nidea de frenar los v\u00e1ndalos, cuando los que saquean todos los d\u00edas nuestros\nbolsillos y la cartera del erario p\u00fablico son ellos. <\/p>\n\n\n\n<p>Y para ello han acomodado prensa,\nleyes y armas, todo en su favor y con ellas causan miedo, terror y desconfianza,\npero adem\u00e1s inconformismo por tanta desigualdad. Los ej\u00e9rcitos solo sirven para\nque los de cuello blanco sigan en su trono siendo v\u00e1ndalos.<\/p>\n\n\n\n<p>Los v\u00e1ndalos a los que se refiere\nel gobierno no son v\u00e1ndalos, son manifestantes del pueblo que usan piedras o\ncuanto muchas papas bombas que no son artefactos destructivos y lo hacen para\nexpresar su inconformismo que genera la oligarqu\u00eda con su sistema represivo y\nde saqueo, usan capucha para precisamente esquivar la identificaci\u00f3n por parte\ndel represor. No podemos dejarnos entonces confundir con el discurso que\nenga\u00f1a, los capuchos que defienden los intereses de la clase popular son\nleg\u00edtimos, como todos aquellos que marchan con pancartas, pasacalles y m\u00fasica.\nExigir y reclamar lo que es nuestro tambi\u00e9n es leg\u00edtimo.<\/p>\n\n\n\n<p>&nbsp;Con la Declaraci\u00f3n Universal De Los Derechos\nDe Los Pueblos de Argel en 1976, est\u00e1 considerado el derecho de los pueblos a\nrebelarse contra las injusticias, derechos a existir y a decidir. Por lo tanto,\nencapucharse no es un delito, defender sus derechos con palo o piedra tan poco\nes delito, reclamar lo que es propio tan poco es delito. &nbsp;No es justo que haya desigualdad. Ser\u00eda justo,\nque todos los que nos vandalizan a diario entreguen el poder, pero no lo van a\nentregar as\u00ed porque s\u00ed, est\u00e1n c\u00f3modos en su trono robando y saqueando y ser\u00e1\nuna gran masa con toda su creatividad la que sea capaz de generar un nuevo\nescenario sin miedo ni sometimiento.<\/p>\n\n\n\n<p>Ahora bien, el represor usa\ntambi\u00e9n encapuchados para sabotear las marchas y esos capuchos no son\nleg\u00edtimos. Corresponde entones al pueblo desenmascararlos como hay que\ndesenmascar todo el accionar represivo del r\u00e9gimen.<\/p>\n\n\n\n<p>Nosotros como pueblo, estamos en toda nuestra legitimidad de expresar nuestro inconformismo y si las piedras sirven para ello no se pueden satanizar. Lo que no podemos permitir es que nos quieran aterrorizar con armas letales porque como los manifestantes no usamos armas letales para marchar. Una piedra repito no es un arma letal, una papa explosiva tan poco es arma letal. Si las armas del ESMAD no son letales menos las que usan los capuchos, pues su alcance es menor.<\/p>\n\n\n\n<p>Entonces \u00bfpor qu\u00e9 les da miedo si\ntienen armas letales?<\/p>\n\n\n\n<p>En mi opini\u00f3n les da miedo no por\nel sonido de las pocas papas explosivas activadas, o pimpones con pintura\nlanzados o una que otra ventana que resulte rota, lo que si les causa miedo es a\nque la masa se desborde con piedras y palos y no la puedan controlar como en\notros pa\u00edses y se vean obligados a dejar su comodidad, a tener que trabajar y\nganarse el pan con el sudor de la frente como nos toca a todos, a eso es que le\ntienen miedo.<\/p>\n","protected":false},"excerpt":{"rendered":"<p>Por Mart\u00edn Ayala Investigador Social COSPACC Son apenas 12 horas las que las organizaciones populares han convocado a paro en<\/p>\n","protected":false},"author":1,"featured_media":853,"comment_status":"open","ping_status":"open","sticky":false,"template":"","format":"standard","meta":{"colormag_page_layout":"default_layout","footnotes":""},"categories":[76],"tags":[77,78],"class_list":["post-852","post","type-post","status-publish","format-standard","has-post-thumbnail","hentry","category-movimento-social","tag-movimento-social","tag-paronacional"],"_links":{"self":[{"href":"https:\/\/cospacc.org\/index.php?rest_route=\/wp\/v2\/posts\/852","targetHints":{"allow":["GET"]}}],"collection":[{"href":"https:\/\/cospacc.org\/index.php?rest_route=\/wp\/v2\/posts"}],"about":[{"href":"https:\/\/cospacc.org\/index.php?rest_route=\/wp\/v2\/types\/post"}],"author":[{"embeddable":true,"href":"https:\/\/cospacc.org\/index.php?rest_route=\/wp\/v2\/users\/1"}],"replies":[{"embeddable":true,"href":"https:\/\/cospacc.org\/index.php?rest_route=%2Fwp%2Fv2%2Fcomments&post=852"}],"version-history":[{"count":1,"href":"https:\/\/cospacc.org\/index.php?rest_route=\/wp\/v2\/posts\/852\/revisions"}],"predecessor-version":[{"id":854,"href":"https:\/\/cospacc.org\/index.php?rest_route=\/wp\/v2\/posts\/852\/revisions\/854"}],"wp:featuredmedia":[{"embeddable":true,"href":"https:\/\/cospacc.org\/index.php?rest_route=\/wp\/v2\/media\/853"}],"wp:attachment":[{"href":"https:\/\/cospacc.org\/index.php?rest_route=%2Fwp%2Fv2%2Fmedia&parent=852"}],"wp:term":[{"taxonomy":"category","embeddable":true,"href":"https:\/\/cospacc.org\/index.php?rest_route=%2Fwp%2Fv2%2Fcategories&post=852"},{"taxonomy":"post_tag","embeddable":true,"href":"https:\/\/cospacc.org\/index.php?rest_route=%2Fwp%2Fv2%2Ftags&post=852"}],"curies":[{"name":"wp","href":"https:\/\/api.w.org\/{rel}","templated":true}]}}