{"id":855,"date":"2019-11-23T18:36:51","date_gmt":"2019-11-23T18:36:51","guid":{"rendered":"https:\/\/cospacc.org\/?p=855"},"modified":"2019-11-23T18:36:57","modified_gmt":"2019-11-23T18:36:57","slug":"el-paro-nacional-para-defender-la-vida-y-la-dignidad","status":"publish","type":"post","link":"https:\/\/cospacc.org\/?p=855","title":{"rendered":"El paro nacional para defender la vida y la dignidad"},"content":{"rendered":"\n<p><em>La\nmovilizaci\u00f3n permite resistir y transformar la indignaci\u00f3n en una lucha\ncolectiva.<\/em><\/p>\n\n\n\n<p>El pasado 21 de noviembre los casanare\u00f1os y los boyacenses\nuna vez m\u00e1s se unieron a la gran movilizaci\u00f3n naci\u00f3n al <strong>#21N<\/strong> convocada por los diferentes sectores del movimiento social colombiano\ny que junto al pueblo inconforme se volcaron a las calles por diversas razones\nentre ellas <strong>#ElPaquetazoDeDuque<\/strong> y el\nasesinato y judicializaciones a los l\u00edderes sociales.<\/p>\n\n\n\n<p>En Boyac\u00e1 fueron varios los municipios los que participaron en esta jornada del #21N y que a\u00fan se mantienen en jornada de paro, ciudades como Tunja, Duitama, Sogamoso desde muy tempranas horas del 21 de noviembre sus habitantes se volcaron a las calles a manifestar de forma pac\u00edfica ante el del Estado colombiano y sus pol\u00edticas lesivas que han conllevado a una crisis social, econ\u00f3mica y de derechos humanos. Municipios como Puerto Boyac\u00e1 que en sus din\u00e1micas sociales no se evidenciaba la movilizaci\u00f3n su participaci\u00f3n en esta jornada de paro fue importante, y abre un camino para dejar de lado el miedo y ejercer el derecho a la movilizaci\u00f3n y la protesta social.<\/p>\n\n\n\n<figure class=\"wp-block-gallery columns-3 is-cropped wp-block-gallery-1 is-layout-flex wp-block-gallery-is-layout-flex\"><ul class=\"blocks-gallery-grid\"><li class=\"blocks-gallery-item\"><figure><img loading=\"lazy\" decoding=\"async\" width=\"1024\" height=\"768\" src=\"https:\/\/cospacc.org\/wp-content\/uploads\/2019\/11\/CDP7-1024x768.jpg\" alt=\"\" data-id=\"857\" data-link=\"https:\/\/cospacc.org\/?attachment_id=857\" class=\"wp-image-857\" srcset=\"https:\/\/cospacc.org\/wp-content\/uploads\/2019\/11\/CDP7-1024x768.jpg 1024w, https:\/\/cospacc.org\/wp-content\/uploads\/2019\/11\/CDP7-300x225.jpg 300w, https:\/\/cospacc.org\/wp-content\/uploads\/2019\/11\/CDP7-768x576.jpg 768w, https:\/\/cospacc.org\/wp-content\/uploads\/2019\/11\/CDP7.jpg 1152w\" sizes=\"auto, (max-width: 1024px) 100vw, 1024px\" \/><\/figure><\/li><li class=\"blocks-gallery-item\"><figure><img loading=\"lazy\" decoding=\"async\" width=\"1024\" height=\"768\" src=\"https:\/\/cospacc.org\/wp-content\/uploads\/2019\/11\/CDP6-1024x768.jpg\" alt=\"\" data-id=\"858\" data-link=\"https:\/\/cospacc.org\/?attachment_id=858\" class=\"wp-image-858\" srcset=\"https:\/\/cospacc.org\/wp-content\/uploads\/2019\/11\/CDP6-1024x768.jpg 1024w, https:\/\/cospacc.org\/wp-content\/uploads\/2019\/11\/CDP6-300x225.jpg 300w, https:\/\/cospacc.org\/wp-content\/uploads\/2019\/11\/CDP6-768x576.jpg 768w, https:\/\/cospacc.org\/wp-content\/uploads\/2019\/11\/CDP6.jpg 1152w\" sizes=\"auto, (max-width: 1024px) 100vw, 1024px\" \/><\/figure><\/li><li class=\"blocks-gallery-item\"><figure><img loading=\"lazy\" decoding=\"async\" width=\"768\" height=\"1024\" src=\"https:\/\/cospacc.org\/wp-content\/uploads\/2019\/11\/CDP8-768x1024.jpg\" alt=\"\" data-id=\"859\" data-full-url=\"https:\/\/cospacc.org\/wp-content\/uploads\/2019\/11\/CDP8.jpg\" data-link=\"https:\/\/cospacc.org\/?attachment_id=859\" class=\"wp-image-859\" srcset=\"https:\/\/cospacc.org\/wp-content\/uploads\/2019\/11\/CDP8-768x1024.jpg 768w, https:\/\/cospacc.org\/wp-content\/uploads\/2019\/11\/CDP8-225x300.jpg 225w, https:\/\/cospacc.org\/wp-content\/uploads\/2019\/11\/CDP8.jpg 774w\" sizes=\"auto, (max-width: 768px) 100vw, 768px\" \/><\/figure><\/li><\/ul><\/figure>\n\n\n\n<p>El <strong>#ParoNacional<\/strong> es una cosa de todos y as\u00ed se percibi\u00f3 en Casanare, donde municipios como Nunchia, Pore, Tauramena, Yopal y Aguazul se movilizaron a pesar de la represi\u00f3n a la que ha estado sometido el movimiento social, tras varias judicializaciones y esta pr\u00e1ctica se sigue dando\u2019, quedando en evidenciada tras las detenciones de 5 l\u00edderes que participaban en el #ParoNacional en Yopal.<\/p>\n\n\n\n<figure class=\"wp-block-gallery columns-3 is-cropped wp-block-gallery-2 is-layout-flex wp-block-gallery-is-layout-flex\"><ul class=\"blocks-gallery-grid\"><li class=\"blocks-gallery-item\"><figure><img loading=\"lazy\" decoding=\"async\" width=\"768\" height=\"1024\" src=\"https:\/\/cospacc.org\/wp-content\/uploads\/2019\/11\/CDP2-768x1024.jpg\" alt=\"\" data-id=\"860\" data-link=\"https:\/\/cospacc.org\/?attachment_id=860\" class=\"wp-image-860\" srcset=\"https:\/\/cospacc.org\/wp-content\/uploads\/2019\/11\/CDP2-768x1024.jpg 768w, https:\/\/cospacc.org\/wp-content\/uploads\/2019\/11\/CDP2-225x300.jpg 225w, https:\/\/cospacc.org\/wp-content\/uploads\/2019\/11\/CDP2.jpg 960w\" sizes=\"auto, (max-width: 768px) 100vw, 768px\" \/><\/figure><\/li><li class=\"blocks-gallery-item\"><figure><img loading=\"lazy\" decoding=\"async\" width=\"768\" height=\"1024\" src=\"https:\/\/cospacc.org\/wp-content\/uploads\/2019\/11\/cdp-768x1024.jpg\" alt=\"\" data-id=\"861\" data-link=\"https:\/\/cospacc.org\/?attachment_id=861\" class=\"wp-image-861\" srcset=\"https:\/\/cospacc.org\/wp-content\/uploads\/2019\/11\/cdp-768x1024.jpg 768w, https:\/\/cospacc.org\/wp-content\/uploads\/2019\/11\/cdp-225x300.jpg 225w, https:\/\/cospacc.org\/wp-content\/uploads\/2019\/11\/cdp.jpg 960w\" sizes=\"auto, (max-width: 768px) 100vw, 768px\" \/><\/figure><\/li><li class=\"blocks-gallery-item\"><figure><img loading=\"lazy\" decoding=\"async\" width=\"1024\" height=\"768\" src=\"https:\/\/cospacc.org\/wp-content\/uploads\/2019\/11\/CDP4-1024x768.jpg\" alt=\"\" data-id=\"862\" data-full-url=\"https:\/\/cospacc.org\/wp-content\/uploads\/2019\/11\/CDP4.jpg\" data-link=\"https:\/\/cospacc.org\/?attachment_id=862\" class=\"wp-image-862\" srcset=\"https:\/\/cospacc.org\/wp-content\/uploads\/2019\/11\/CDP4-1024x768.jpg 1024w, https:\/\/cospacc.org\/wp-content\/uploads\/2019\/11\/CDP4-300x225.jpg 300w, https:\/\/cospacc.org\/wp-content\/uploads\/2019\/11\/CDP4-768x576.jpg 768w, https:\/\/cospacc.org\/wp-content\/uploads\/2019\/11\/CDP4.jpg 1280w\" sizes=\"auto, (max-width: 1024px) 100vw, 1024px\" \/><\/figure><\/li><\/ul><\/figure>\n\n\n\n<p>A pesar de la represi\u00f3n y ante la falta de inter\u00e9s por\nparte de Duque de escuchar al pueblo y llegar acuerdos, los colombianos han\nconvertido el paro de un d\u00eda en una serie de movilizaciones y expresiones de\ninconformismo que se est\u00e1n dando en los diferentes territorios. Boyac\u00e1 y\nCasanare no han sido la excepci\u00f3n en ciudades como Tunja, Sogamoso, Yopal,\nTauramena y Aguazul se aviva el paro con cacerolazos y expresiones culturales y\nart\u00edsticas manteniendo viva la movilizaci\u00f3n a pesar de la lluvia, de la\narremetida del ESMAD y las retenciones que sean dado.<\/p>\n\n\n\n<p>El pueblo continuara en las calles exigiendo sus derechos,\ndefendiendo la vida ante la ofensiva capitalista y neoliberal que se viene\ndando en los territorios y sobre la clase popular. <\/p>\n","protected":false},"excerpt":{"rendered":"<p>La movilizaci\u00f3n permite resistir y transformar la indignaci\u00f3n en una lucha colectiva. El pasado 21 de noviembre los casanare\u00f1os y<\/p>\n","protected":false},"author":1,"featured_media":856,"comment_status":"open","ping_status":"open","sticky":false,"template":"","format":"standard","meta":{"colormag_page_layout":"default_layout","footnotes":""},"categories":[76],"tags":[],"class_list":["post-855","post","type-post","status-publish","format-standard","has-post-thumbnail","hentry","category-movimento-social"],"_links":{"self":[{"href":"https:\/\/cospacc.org\/index.php?rest_route=\/wp\/v2\/posts\/855","targetHints":{"allow":["GET"]}}],"collection":[{"href":"https:\/\/cospacc.org\/index.php?rest_route=\/wp\/v2\/posts"}],"about":[{"href":"https:\/\/cospacc.org\/index.php?rest_route=\/wp\/v2\/types\/post"}],"author":[{"embeddable":true,"href":"https:\/\/cospacc.org\/index.php?rest_route=\/wp\/v2\/users\/1"}],"replies":[{"embeddable":true,"href":"https:\/\/cospacc.org\/index.php?rest_route=%2Fwp%2Fv2%2Fcomments&post=855"}],"version-history":[{"count":1,"href":"https:\/\/cospacc.org\/index.php?rest_route=\/wp\/v2\/posts\/855\/revisions"}],"predecessor-version":[{"id":863,"href":"https:\/\/cospacc.org\/index.php?rest_route=\/wp\/v2\/posts\/855\/revisions\/863"}],"wp:featuredmedia":[{"embeddable":true,"href":"https:\/\/cospacc.org\/index.php?rest_route=\/wp\/v2\/media\/856"}],"wp:attachment":[{"href":"https:\/\/cospacc.org\/index.php?rest_route=%2Fwp%2Fv2%2Fmedia&parent=855"}],"wp:term":[{"taxonomy":"category","embeddable":true,"href":"https:\/\/cospacc.org\/index.php?rest_route=%2Fwp%2Fv2%2Fcategories&post=855"},{"taxonomy":"post_tag","embeddable":true,"href":"https:\/\/cospacc.org\/index.php?rest_route=%2Fwp%2Fv2%2Ftags&post=855"}],"curies":[{"name":"wp","href":"https:\/\/api.w.org\/{rel}","templated":true}]}}