{"id":910,"date":"2019-11-25T02:55:41","date_gmt":"2019-11-25T02:55:41","guid":{"rendered":"https:\/\/cospacc.org\/?p=910"},"modified":"2019-11-25T02:55:43","modified_gmt":"2019-11-25T02:55:43","slug":"termometro-de-la-lucha-social-en-colombia","status":"publish","type":"post","link":"https:\/\/cospacc.org\/?p=910","title":{"rendered":"Term\u00f3metro de la lucha social en Colombia"},"content":{"rendered":"\n<p> Congreso de Pueblos Cap\u00edtulos Casanare y Boyac\u00e1. <\/p>\n\n\n\n<p>Es evidente que el capitalismo est\u00e1 en crisis, el\npermanente estado de guerra que afecta a las diversas naciones evidencia el\naf\u00e1n de unos pa\u00edses y grandes empresarios por terminar de raspar la olla para\nquedarse con lo poco que han dejado luego de miles de a\u00f1os de explotaci\u00f3n, y\nColombia en ese mapa no es la excepci\u00f3n.<\/p>\n\n\n\n<p>&nbsp;El actual gobierno\ncolombiano, al igual que los anteriores, es un subordinado, casi que un perro\nfaldero, obediente y arrodillado de los grandes poderes econ\u00f3micos a nivel\ninternacional, aplica al pie de la letra todas las \u201crecomendaciones\u201d que le\nllegan de organismos como la OCDE, el Fondo Monetario Internacional y el Banco\nInteramericano de Desarrollo, o sea, de los grupos econ\u00f3micos que tienen a unos\npocos con toda la riqueza del mundo mientras a unos muchos nos mantienen\nhundidos en la pobreza, la guerra y la contaminaci\u00f3n.<\/p>\n\n\n\n<p>&nbsp;Hay quienes dicen\nque en Colombia estamos en un desgobierno, que el presidente Duque es un\nt\u00edtere, o que aqu\u00ed no hay autoridad, sin embargo, lo cierto es que s\u00ed hay\ngobierno, lo que pasa es que gobierna con los intereses de un peque\u00f1o grupo de\nricos y terratenientes que siempre ha estado en el poder, no gobierna pensando\nen solucionar los problemas del pueblo trabajador, por ende no es t\u00edtere, sino\nque tambi\u00e9n sabe lo que hace, tambi\u00e9n tiene sus planes, que aunque nos parezcan\nirracionales o tontos, son los planes de quienes manejan el pa\u00eds, por algo las\ngrandes asociaciones empresariales lo han denominado como \u201cuno de los mejores\ngobiernos\u201d, y claro que hay autoridad, pero una autoridad de sangre y fuego, de\nfuerza contra cualquier brote de protesta o resistencia, por algo se ha\nmantenido en la pol\u00edtica de asesinato a l\u00edderes sociales, comunidades ind\u00edgenas\ny excombatientes mientras siempre reprime la protesta social, en la que varios\nj\u00f3venes y adultos han resultado mutilados e incluso muertos a manos del ESMAD. <\/p>\n\n\n\n<p>El resultado de un Gobierno de este tipo solo puede\nllevarnos a una crisis, porque mientras se mantiene la pol\u00edtica de hacer a los\nricos m\u00e1s ricos y a los pobres m\u00e1s pobres, la olla va cogiendo presi\u00f3n hasta\nque un d\u00eda revienta, porque el pobre aguanta hasta que llega a un punto en que\nno puede amarrarse m\u00e1s el cintur\u00f3n y le toca alegar, a continuaci\u00f3n, algunos\nejemplos de esas pol\u00edticas que nos motivan a unirnos, organizarnos y\nmovilizarnos contra este gobierno:<\/p>\n\n\n\n<p>1. En materia laboral, ya vienen adelantando una reforma,\nque estar\u00e1 lista en diciembre cual regalo de navidad, que incluye, entre otras:\nla aplicaci\u00f3n de salario m\u00ednimo -por debajo del m\u00ednimo- del 75% para menores de\n25 a\u00f1os, el fortalecimiento de la indigna contrataci\u00f3n por horas, la creaci\u00f3n\nde un injusto salario por regiones, con el que las regiones que est\u00e1n en la\nmiseria terminar\u00e1n de morir de hambre, la eliminaci\u00f3n de las horas extras, el\nrecargo nocturno, dominicales y festivos, sin contar la eliminaci\u00f3n del pago de\nlas cesant\u00edas. Como quien dice, la Ley del Embudo, lo ancho \u201cpa\u201d ellos y lo\nangosto \u201cpa\u201d uno. <\/p>\n\n\n\n<p>2. En materia pensional, una reforma que incluye el\naumento de la edad de pensi\u00f3n, elimina el derecho a pensionarse, fortalece los\nsubsidios bimensuales BEPS, que terminan siendo aportes cuentagotas, privatiza\nColpensiones dejando las pensiones en manos del grupo AVAL, aumenta las semanas\nde cotizaci\u00f3n para pensi\u00f3n y seguridad social, mejor dicho el salario de los\nj\u00f3venes no va a rendir y los ancianos estar\u00e1n condenados a morir trabajando o\nen la miseria, de todas formas el ministro ya dijo que nos vamos a pensionar\ncon lo que alcancemos a ahorrar.<\/p>\n\n\n\n<p>&nbsp;3. La aprobaci\u00f3n de\nla Ley de Financiamiento, que no pretende m\u00e1s que bajarle los impuestos a los\nm\u00e1s ricos y subirlos a los trabajadores, y algo que ya nos aplicaron con el\nPlan Nacional de Duque, el aumento del 35% en servicio de energ\u00eda el\u00e9ctrica\npara pagar la deuda de los corruptos de Electricaribe<\/p>\n\n\n\n<p>4. Por otra parte, una cantidad de medidas que han llamado\nel \u201cHolding Financiero\u201d que no es m\u00e1s que privatizar todo lo poquito de p\u00fablico\nque queda, y dejarlo en manos de los empresarios sanguinarios que manejan todo\na su acomodo, fusionando empresas estatales y acabando con 20 mil empleos,\nquit\u00e1ndole el control financiero del estado a empresas como Ecopetrol CENIT y\nregionales dej\u00e1ndolas a la deriva en las bolsas de inversiones, generando una\ninestabilidad financiera del estado que nos puede llevar a una crisis econ\u00f3mica\nsin precedentes, sin contar que subastar\u00e1n el espectro electromagn\u00e9tico, es\ndecir, todo lo que tenga que ver con comunicaci\u00f3n y medios electr\u00f3nicos\npertenecer\u00e1 a quien m\u00e1s tenga para pagar, seguramente, una empresa\nmultinacional.<\/p>\n\n\n\n<p>&nbsp;5. Finalmente, no\nse puede olvidar que esto es lo que viene, y algo de lo que han podido aplicar,\npero en este gobierno, con su corto tiempo de ejecuci\u00f3n ya nos hemos dado\ncuenta de sus lesivas pol\u00edticas, construye un puente y se le cae, construye una\nrepresa que puede ser el mayor desastre ambiental de Latinoam\u00e9rica, permite la\ncaza de tiburones, destruye el medio ambiente con las grandes industrias\nmultinacionales que invaden nuestros territorios de miner\u00eda e hidrocarburos,\nest\u00e1 hundido en esc\u00e1ndalos de corrupci\u00f3n y criminaliza todo lo que suene a\nprotesta social, por medio de amenazas, represi\u00f3n, c\u00e1rcel y muerte. Tampoco se\npuede dejar de mencionar los miles de incumplimientos que este gobierno y los\nanteriores han tenido con paros pasados, entre ellos el paro agrario de 2013,\nla minga nacional de la cumbre agraria en 2014, las movilizaciones de 2015 y\n2016, y el paro estudiantil de 2018.<\/p>\n\n\n\n<p>&nbsp;No podemos permitir\nque nuestro pa\u00eds siga en manos de esta pol\u00edtica tan nefasta y criminal, es\napenas justo tomar consciencia, unirnos, organizarnos, dejar la apat\u00eda y la\nobediencia ciega, salir a las calles, con la cacerola, la pancarta o el\nmeg\u00e1fono, exigir, movilizarnos y presionar no s\u00f3lo que se detengan estas\npol\u00edticas, sino que el presidente Duque y su gabinete renuncien, en una muestra\nde respeto con el pueblo colombiano, que durante d\u00e9cadas ha luchado por la\nvida, la soberan\u00eda y la dignidad en sus territorios. Esta jornada unitaria de\nmovilizaci\u00f3n del 21 de noviembre ha sido un term\u00f3metro en el que se est\u00e1n\nmidiendo fuerzas y capacidades, que, de ser posible, nos llevar\u00e1n a la\nconstrucci\u00f3n de la huelga y paro general del pueblo colombiano en contra del\ngobierno Duque, por eso, en las calles y carreteras seguimos.<\/p>\n\n\n\n<p>&nbsp;\u201cPOR UNA COLOMBIA\nLIBRE Y SOBERANA UNIDAD Y LUCHA\u201d<\/p>\n\n\n\n<p>\u00a0<\/p>\n","protected":false},"excerpt":{"rendered":"<p>Congreso de Pueblos Cap\u00edtulos Casanare y Boyac\u00e1. Es evidente que el capitalismo est\u00e1 en crisis, el permanente estado de guerra<\/p>\n","protected":false},"author":1,"featured_media":911,"comment_status":"open","ping_status":"open","sticky":false,"template":"","format":"standard","meta":{"colormag_page_layout":"default_layout","footnotes":""},"categories":[72],"tags":[80,78],"class_list":["post-910","post","type-post","status-publish","format-standard","has-post-thumbnail","hentry","category-campesino","tag-campesino-movilizacion","tag-paronacional"],"_links":{"self":[{"href":"https:\/\/cospacc.org\/index.php?rest_route=\/wp\/v2\/posts\/910","targetHints":{"allow":["GET"]}}],"collection":[{"href":"https:\/\/cospacc.org\/index.php?rest_route=\/wp\/v2\/posts"}],"about":[{"href":"https:\/\/cospacc.org\/index.php?rest_route=\/wp\/v2\/types\/post"}],"author":[{"embeddable":true,"href":"https:\/\/cospacc.org\/index.php?rest_route=\/wp\/v2\/users\/1"}],"replies":[{"embeddable":true,"href":"https:\/\/cospacc.org\/index.php?rest_route=%2Fwp%2Fv2%2Fcomments&post=910"}],"version-history":[{"count":1,"href":"https:\/\/cospacc.org\/index.php?rest_route=\/wp\/v2\/posts\/910\/revisions"}],"predecessor-version":[{"id":912,"href":"https:\/\/cospacc.org\/index.php?rest_route=\/wp\/v2\/posts\/910\/revisions\/912"}],"wp:featuredmedia":[{"embeddable":true,"href":"https:\/\/cospacc.org\/index.php?rest_route=\/wp\/v2\/media\/911"}],"wp:attachment":[{"href":"https:\/\/cospacc.org\/index.php?rest_route=%2Fwp%2Fv2%2Fmedia&parent=910"}],"wp:term":[{"taxonomy":"category","embeddable":true,"href":"https:\/\/cospacc.org\/index.php?rest_route=%2Fwp%2Fv2%2Fcategories&post=910"},{"taxonomy":"post_tag","embeddable":true,"href":"https:\/\/cospacc.org\/index.php?rest_route=%2Fwp%2Fv2%2Ftags&post=910"}],"curies":[{"name":"wp","href":"https:\/\/api.w.org\/{rel}","templated":true}]}}