{"id":917,"date":"2019-11-25T13:10:09","date_gmt":"2019-11-25T13:10:09","guid":{"rendered":"https:\/\/cospacc.org\/?p=917"},"modified":"2019-11-25T13:10:11","modified_gmt":"2019-11-25T13:10:11","slug":"el-narcotrafico-en-colombia-algunas-implicaciones-juridicas-politicas-y-sociopoliticas-de-esta-problematica","status":"publish","type":"post","link":"https:\/\/cospacc.org\/?p=917","title":{"rendered":"El narcotr\u00e1fico en Colombia: algunas implicaciones jur\u00eddicas, pol\u00edticas y sociopol\u00edticas de esta problem\u00e1tica"},"content":{"rendered":"\n<p>Para supuestamente contrarrestar el auge del\nterrorismo y la subversi\u00f3n, los gobiernos Nacionales han variado\nhan barajado de Estado de Sitio a conmoci\u00f3n de Interior a\u00f1o tras a\u00f1o, asesorados por\nla DEA y admitiendo de buen grado las exigencias del Fondo Monetario\nInternacional (FMI) y del Pent\u00e1gono en tal sentido\ny la creencia de que no podemos elaborar nuestras propias leyes, siendo obligados al cumplimiento\nde compromisos internacionales totalmente\nviolatorios de nuestra Soberan\u00eda Nacional.<\/p>\n\n\n\n<p>Adem\u00e1s,\nla racionalidad Pol\u00edtica\nde la construcci\u00f3n de las leyes\nde nuestro pa\u00eds est\u00e1 cimentada por\nconceptos e ideolog\u00edas neoliberales, que han dado marcha un capitalismo tecnol\u00f3gico y burocr\u00e1tico afianzado a trav\u00e9s del capital financiero,\nolvidando que la legitimidad de cualquier Estado\n(sea el que sea) est\u00e1 basada\nsobre un orden p\u00fablico tendiente a\nfavorecer el bienestar de las comunidades bajo su mandato (salud\nvivienda trabajo tierra educaci\u00f3n cultura esparcimiento) y no\nsobre un orden p\u00fablico represivo y absurdo.<br><\/p>\n\n\n\n<p>Esto \u00faltimo, lo decimos porque en Colombia en una misma\njurisdicci\u00f3n con jueces sin rostro,\ntestigos NN, sin jurados de conciencia, sin\ncareo testimonial, con reversi\u00f3n de la prueba, se juzgan indiscriminada\nindiscriminadamente terroristas, guerrilleros, porte ilegal de armas,\nDirectivos Sindicales, L\u00edderes Populares y de la oposici\u00f3n, narcotraficantes,\nsicarios y delincuencia com\u00fan; mejor\ndicho:<\/p>\n\n\n\n<h2 class=\"wp-block-heading\">\u00a1\u00a1 EN COLOMBIA DISENTIR NO ES DERECHO\u2026 ES DELITO Y SE CASTIGA A VECES CON LA MUERTE!!!<\/h2>\n\n\n\n<p>A nuestro entender la \u00faltima declaraci\u00f3n\nde Conmoci\u00f3n Interior, el decreto 874\ndel 1\u00b0 de mayo de 1994,\nno s\u00f3lo atenta contra el sistema judicial del pa\u00eds; tambi\u00e9n es abiertamente\nviolatoria de la Constituci\u00f3n Nacional, sobre todo si se\ntiene en cuenta que el gobierno colombiano\nbasado en tan tremendo \u201csimio\u201d expide el mismo d\u00eda y a\u00f1o\ndel decreto 875 (Emergencia Judicial),\ncon el cual se llega al acabose total del estado de derecho ya que de\nesta forma se aceleran los procesos\ny los Fiscales Y Jueces\nest\u00e1n fallando sentencias y llamamientos a\njuicio en serie, sin una seria actividad judicial investigativa y l\u00f3gica.<\/p>\n\n\n\n<p>Lo ir\u00f3nico de este tinglado\nes que el Gobierno supuestamente act\u00faa de tal<br><\/p>\n\n\n\n<p>forma para impedir\n\u201cel fracaso\u201d en la\nrama judicial y \u201cconsolidar la seguridad\nciudadana\u201d (decreto 875 mayo primero de 1194 \u00faltimo p\u00e1rrafo del considerando), sin tener\nen cuenta que con\nesta acci\u00f3n se est\u00e1 generando una serie confrontaci\u00f3n con la Rama Judicial en cuanto\na si se est\u00e1 reconociendo que est\u00e1 desaparece,\npara constituir (como\nde hecho ya lo\nes) a la Fiscal\u00eda General\nDe La Naci\u00f3n como m\u00e1ximo organismo jurisdiccional del pa\u00eds.<\/p>\n\n\n\n<p>En Colombia es un secreto\na voces que el lavado de los d\u00f3lares del\nnarcotr\u00e1fico favorece al sector financiero, al sector de las grandes\nconstrucciones y a la inversi\u00f3n en compras de tierras para eludir impuestos lo que causa\ninflaci\u00f3n por una parte\ny por la otra, no permite una verdadera inversi\u00f3n en infraestructura para\nel desarrollo social de las comunidades ante la falta de un pago de impuestos acorde con el valor de las\ninversiones en t\u00e9rminos reales, pareciera ser como que el problema del narcotr\u00e1fico no es de moral sino de\ndivisas; lo anterior significa de manera\nresumida que en Colombia la fluctuaci\u00f3n de narco-d\u00f3lares favorece, as\u00ed como tambi\u00e9n la econom\u00eda legal,\na una \u00e9lite privilegiada en el manejo econ\u00f3mico del pa\u00eds.<\/p>\n\n\n\n<p>c\u00f3mo\nse puede observar a simple vista pareciera ser que el\nproblema de la legalizaci\u00f3n de la\ndosis m\u00ednima de<br><\/p>\n\n\n\n<p>drogas\nen nuestro pa\u00eds\nno es m\u00e1s que un sofisma\nde distracci\u00f3n; ah\u00ed tenemos\nel doctor Ossa Escobar y el debate\nque produjo su detenci\u00f3n de tres d\u00edas\npor parte de marihuana (la detenci\u00f3n fue simb\u00f3lica) y ni siquiera le exigieron\nabandonar el empleo; lo realmente incomprensible son los brotes de histerismo y propaganda electoral que le ha dado a la decisi\u00f3n en este aspecto de la Corte Constitucional, llegando el presidente Gaviria\na la exageraci\u00f3n.<\/p>\n\n\n\n<p>A nosotros personalmente no nos interesa el resultado de tal\ncontroversia, pero si hacemos un llamamiento de atenci\u00f3n al gobierno y a los medios\nmasivos de comunicaci\u00f3n que con propagandas\ntendientes asumir con franqueza el problema de la\ndrogadicci\u00f3n en nuestro\npa\u00eds, luego lo niegan\nde forma farisea.\nLo que s\u00ed nos interesa\nson los factores\nque se mueven tenebrosamente\ntras la producci\u00f3n, elaboraci\u00f3n y distribuci\u00f3n de estupefacientes en Colombia y el\nmundo y es que ayer no existe\nnada \u00e9tico, sino simplemente el manejo de miles de millones de d\u00f3lares a costa\ndel dolor y el envilecimiento de millones de seres humanos\nen pro del enriquecimiento il\u00edcito de los capos\nde la mafia y de gobernante, jueces y funcionarios corruptos.<\/p>\n\n\n\n<p>En realidad, el gobierno colombiano si ha luchado en contra del narcotr\u00e1fico, quiz\u00e1s m\u00e1s que cualquier otro pa\u00eds del mundo, pero ha aprovechado la oportunidad para desarrollar la tesis de \u201cSeguridad Nacional\u201d aplicadas implacablemente en contra de quienes no debe hacerlo.<\/p>\n","protected":false},"excerpt":{"rendered":"<p>Para supuestamente contrarrestar el auge del terrorismo y la subversi\u00f3n, los gobiernos Nacionales han variado han barajado de Estado de<\/p>\n","protected":false},"author":1,"featured_media":918,"comment_status":"open","ping_status":"open","sticky":false,"template":"","format":"standard","meta":{"colormag_page_layout":"default_layout","footnotes":""},"categories":[72],"tags":[],"class_list":["post-917","post","type-post","status-publish","format-standard","has-post-thumbnail","hentry","category-campesino"],"_links":{"self":[{"href":"https:\/\/cospacc.org\/index.php?rest_route=\/wp\/v2\/posts\/917","targetHints":{"allow":["GET"]}}],"collection":[{"href":"https:\/\/cospacc.org\/index.php?rest_route=\/wp\/v2\/posts"}],"about":[{"href":"https:\/\/cospacc.org\/index.php?rest_route=\/wp\/v2\/types\/post"}],"author":[{"embeddable":true,"href":"https:\/\/cospacc.org\/index.php?rest_route=\/wp\/v2\/users\/1"}],"replies":[{"embeddable":true,"href":"https:\/\/cospacc.org\/index.php?rest_route=%2Fwp%2Fv2%2Fcomments&post=917"}],"version-history":[{"count":1,"href":"https:\/\/cospacc.org\/index.php?rest_route=\/wp\/v2\/posts\/917\/revisions"}],"predecessor-version":[{"id":919,"href":"https:\/\/cospacc.org\/index.php?rest_route=\/wp\/v2\/posts\/917\/revisions\/919"}],"wp:featuredmedia":[{"embeddable":true,"href":"https:\/\/cospacc.org\/index.php?rest_route=\/wp\/v2\/media\/918"}],"wp:attachment":[{"href":"https:\/\/cospacc.org\/index.php?rest_route=%2Fwp%2Fv2%2Fmedia&parent=917"}],"wp:term":[{"taxonomy":"category","embeddable":true,"href":"https:\/\/cospacc.org\/index.php?rest_route=%2Fwp%2Fv2%2Fcategories&post=917"},{"taxonomy":"post_tag","embeddable":true,"href":"https:\/\/cospacc.org\/index.php?rest_route=%2Fwp%2Fv2%2Ftags&post=917"}],"curies":[{"name":"wp","href":"https:\/\/api.w.org\/{rel}","templated":true}]}}