{"id":921,"date":"2019-11-25T13:37:37","date_gmt":"2019-11-25T13:37:37","guid":{"rendered":"https:\/\/cospacc.org\/?p=921"},"modified":"2019-11-25T13:37:39","modified_gmt":"2019-11-25T13:37:39","slug":"propuestaspara-la-erradicacion-del-narcotrafico-en-colombia","status":"publish","type":"post","link":"https:\/\/cospacc.org\/?p=921","title":{"rendered":"Propuestas\tpara la erradicaci\u00f3n del narcotr\u00e1fico en Colombia"},"content":{"rendered":"\n<ol class=\"wp-block-list\"><li>Reforma agraria por v\u00eda administrativa, integral y\nconcertada trav\u00e9s de las organizaciones del\nagro sean estos de hecho o de derecho.<\/li><li>Condonaci\u00f3n de las deudas adquiridas por peque\u00f1os y\nmedianos productores del agro que se puedan comprobar afectados por la violencia pol\u00edtica, desastres ecol\u00f3gicos o malas\nsemillas.<\/li><li>Subsidios para la producci\u00f3n agr\u00edcola y agroindustrial\ndel pa\u00eds (de toda especie).<\/li><li>Auxilios solidarios y terapia educacional y de\nrehabilitaci\u00f3n para las v\u00edctimas del narco-de pendencia.<\/li><li>Elaboraci\u00f3n y ejecuci\u00f3n de un plan alimentario, para impedir as\u00ed la\ndependencia alimentaria que conlleva todas las dem\u00e1s dependencias.<\/li><li>Aplicaci\u00f3n real de la Constituci\u00f3n Nacional; que no se legisle\ncon art\u00edculos transitorios, con los<\/li><\/ol>\n\n\n\n<p>cuales en realidad\nse lo viene haciendo.<\/p>\n\n\n\n<ul class=\"wp-block-list\"><li>Canalizaci\u00f3n de ayuda internacional e irrestricta por parte del Estado\nColombiano, con el fin\nde efectuar macro-proyectos regionales de desarrollo concertados con las comunidades,\ncapacitados para intervenir en la producci\u00f3n\nagraria con un mercadeo t\u00e9cnico que produzca bienestar econ\u00f3mico y social.<\/li><li>Desarrollo acelerado de fuentes\nde empleo tanto para la poblaci\u00f3n urbana como para la rural, ya que\nla crisis del desempleo conduce muchas veces al uso del\nalcohol y de las drogas.<\/li><li>Ya que nuestros gobiernos negocian los hidrocarburos, este de invertir en el desarrollo tecnol\u00f3gico adecuado\npara el pa\u00eds,\nsin alterar los ecosistemas y el ambiente, se debe brindar al pueblo la oportunidad\nde educarse te\u00f3rica y pr\u00e1ctica\nde manera cient\u00edfica actualizada para as\u00ed tener una producci\u00f3n fabril y agraria\narm\u00f3nica, capacitada para competir\ninternacionalmente en la rapi\u00f1a del mercado\nmundial.<\/li><\/ul>\n\n\n\n<p>Existen cantidad de propuestas al respecto, pero\ns\u00f3lo hemos enumerado las que creemos m\u00e1s viables, en tanto\nhasta el momento los pr\u00e9stamos efectuados por el Banco Mundial y<br><\/p>\n\n\n\n<p>otras instituciones y\/o Gobiernos Internacionales no han servido para impulsar el desarrollo social y la infraestructura de producci\u00f3n t\u00e9cnica en ciudades y campos, sino que han sido utilizadas en beneficio de unos pocos que lubrican sus arcas a expensas del nutrimiento y el deterioro f\u00edsico y moral de quienes nada poseen.\u00a0\u00a0\u00a0\u00a0\u00a0\u00a0\u00a0 <\/p>\n\n\n\n<p>Homenaje p\u00f3stumo<\/p>\n\n\n\n<p>A&nbsp;&nbsp; MAURO&nbsp;&nbsp; HOYOS,&nbsp;&nbsp; LUIS&nbsp; CARLOS GAL\u00c1N, JAIME\nPARDO LEAL, MANUEL<\/p>\n\n\n\n<p>ANTEQUERA, PIZARRO; a los miles de asesinados de este pa\u00eds v\u00edctimas del narcotr\u00e1fico y la violencia pol\u00edtica.\nSu recuerdo perdurar\u00e1 por siempre en la\nHistoria de Colombia\ny del mundo.<\/p>\n\n\n\n<h1 class=\"wp-block-heading\">Poema<\/h1>\n\n\n\n<p><strong><em>I Un enorme desfile de v\u00edctimas; Explosi\u00f3n de bombas, Tronar de metrallas; Sangre en las calles, Sangre en la tierra.<\/em><\/strong><\/p>\n\n\n\n<p><strong><em>II Muertos por un ideal justo, Muertos inocentes; Muertos todos los colombianos\u2026 Ya no sentimos, ya no pensamos.<\/em><\/strong><\/p>\n\n\n\n<p><strong><em>III V\u00edctimas del desenfreno,<br>De la drogadicci\u00f3n, Del estr\u00e9s, De la violencia pol\u00edtica\u2026<\/em><\/strong><\/p>\n\n\n\n<p><strong><em>V\u00edctimas todos de la sociedad de consumo.<\/em><\/strong><\/p>\n\n\n\n<p><strong><em>IV Nos levantamos juntos Y exigiremos justicia Con los brazos en alto,<\/em><\/strong><\/p>\n\n\n\n<p><strong><em>Con los pu\u00f1os apretados\u2026 Con el coraz\u00f3n en la mente.<\/em><\/strong><\/p>\n\n\n\n<h2 class=\"wp-block-heading\">Este es el ep\u00edlogo hasta pronto amigos\u00a0<\/h2>\n\n\n\n<p><em>Nos despedimos respetuosamente todos nuestros lectores, esperando que el presente material sirva para abrir un debate que viene siendo y necesariamente postergado.<\/em><\/p>\n\n\n\n<p><em>Desde este espacio rechazamos la expresi\u00f3n de cierto senador norteamericano que os\u00f3 acusarnos de \u201cnarco-democracia\u201d siendo como es su pa\u00eds, casi un 10% de la poblaci\u00f3n, narcodependiente.<\/em><\/p>\n\n\n\n<p><em>Si no hay consumo, no hay demanda y si no existe demanda, tampoco producci\u00f3n.<\/em><\/p>\n\n\n\n<p><em>La lucha en contra del narcotr\u00e1fico no es s\u00f3lo deber de los pa\u00edses en donde se produce; es tambi\u00e9n prioridad de la Comunidad Internacional, que en vez de suministrar armamentos para controlar la producci\u00f3n de atacar de forma definitiva su consumo interno de estupefacientes.<\/em><\/p>\n\n\n\n<p><em>Es a nivel internacional, tal como en 1981, cuando deca\u00eda el tr\u00e1fico de marihuana, que parece abrirse camino el argumento de la legalizaci\u00f3n de alucin\u00f3genos.<\/em><\/p>\n\n\n\n<p><em>Mientras tanto, al mismo nivel, el consumo de estupefacientes viene siendo suplantado por el \u201ccrak\u201d o metanfetamina, producto m\u00e1s barato, mucho \u201cmejor y efectivo\u201d en tanto sus efectos duran largas horas.<\/em><\/p>\n\n\n\n<p><em>El \u201ccrack\u201d no necesita ser importado de Colombia o Per\u00fa y su proceso de fabricaci\u00f3n es sencill\u00edsimo, cualquiera lo puede producir en sus propios patios familiares como si estuviera horneando galletitas, ya que los elementos qu\u00edmicos empleados para hacerlo est\u00e1n a disposici\u00f3n del p\u00fablico.<\/em><\/p>\n\n\n\n<p><em>De aqu\u00ed depende p\u00faes la instancia de la drogadicci\u00f3n internacional de cultivar cada vez alucin\u00f3genos m\u00e1s \u201cduros\u201d.<\/em><\/p>\n\n\n\n<p>SUERTE\nPARA TODOS<\/p>\n\n\n\n<p>UNIDOS\nPOR EL FUTURO DE COLOMBIA<\/p>\n\n\n\n<p>Cordialmente<\/p>\n\n\n\n<p><strong>GABRIEL A. BETANCOURT A.<\/strong><strong><\/strong><\/p>\n\n\n\n<p>FUNDACI\u00d3N\nHACIA UN FUTURO MEJOR<\/p>\n\n\n\n<p>Presidente<\/p>\n\n\n\n<p><strong>TERESA QUI\u00d1ONES CASTA\u00d1EDA<\/strong><strong><\/strong><\/p>\n\n\n\n<p>COLECTIVO\nPOR LA VIDA 5 DE JUNIO<\/p>\n\n\n\n<p>Comisi\u00f3n de la Organizaci\u00f3n.<br><\/p>\n","protected":false},"excerpt":{"rendered":"<p>Reforma agraria por v\u00eda administrativa, integral y concertada trav\u00e9s de las organizaciones del agro sean estos de hecho o de<\/p>\n","protected":false},"author":1,"featured_media":922,"comment_status":"open","ping_status":"open","sticky":false,"template":"","format":"standard","meta":{"colormag_page_layout":"default_layout","footnotes":""},"categories":[72],"tags":[84,77],"class_list":["post-921","post","type-post","status-publish","format-standard","has-post-thumbnail","hentry","category-campesino","tag-erradicacion","tag-movimento-social"],"_links":{"self":[{"href":"https:\/\/cospacc.org\/index.php?rest_route=\/wp\/v2\/posts\/921","targetHints":{"allow":["GET"]}}],"collection":[{"href":"https:\/\/cospacc.org\/index.php?rest_route=\/wp\/v2\/posts"}],"about":[{"href":"https:\/\/cospacc.org\/index.php?rest_route=\/wp\/v2\/types\/post"}],"author":[{"embeddable":true,"href":"https:\/\/cospacc.org\/index.php?rest_route=\/wp\/v2\/users\/1"}],"replies":[{"embeddable":true,"href":"https:\/\/cospacc.org\/index.php?rest_route=%2Fwp%2Fv2%2Fcomments&post=921"}],"version-history":[{"count":1,"href":"https:\/\/cospacc.org\/index.php?rest_route=\/wp\/v2\/posts\/921\/revisions"}],"predecessor-version":[{"id":924,"href":"https:\/\/cospacc.org\/index.php?rest_route=\/wp\/v2\/posts\/921\/revisions\/924"}],"wp:featuredmedia":[{"embeddable":true,"href":"https:\/\/cospacc.org\/index.php?rest_route=\/wp\/v2\/media\/922"}],"wp:attachment":[{"href":"https:\/\/cospacc.org\/index.php?rest_route=%2Fwp%2Fv2%2Fmedia&parent=921"}],"wp:term":[{"taxonomy":"category","embeddable":true,"href":"https:\/\/cospacc.org\/index.php?rest_route=%2Fwp%2Fv2%2Fcategories&post=921"},{"taxonomy":"post_tag","embeddable":true,"href":"https:\/\/cospacc.org\/index.php?rest_route=%2Fwp%2Fv2%2Ftags&post=921"}],"curies":[{"name":"wp","href":"https:\/\/api.w.org\/{rel}","templated":true}]}}