{"id":927,"date":"2019-11-25T21:02:09","date_gmt":"2019-11-25T21:02:09","guid":{"rendered":"https:\/\/cospacc.org\/?p=927"},"modified":"2019-11-25T21:02:10","modified_gmt":"2019-11-25T21:02:10","slug":"llamamiento-sororo-al-hermanamiento-movilizador","status":"publish","type":"post","link":"https:\/\/cospacc.org\/?p=927","title":{"rendered":"\u00a1Llamamiento sororo al hermanamiento movilizador!"},"content":{"rendered":"\n<p class=\"has-text-align-right\"> <strong><em>Las mujeres seguimos trenzando la protecci\u00f3n de la vida, el territorio y la paz <\/em><\/strong><\/p>\n\n\n\n<p>El Equipo Dinamizador de Mujeres EDI de Congreso de los Pueblos en Colombia, ha venido trabajando la conmemoraci\u00f3n del 25 de noviembre, a trav\u00e9s de un sinn\u00famero de acciones y movilizaciones locales y regionales. Consideramos este caminar como un ejercicio pol\u00edtico para la articulaci\u00f3n de procesos, trabajos y apuestas, que nos permiten aportar en la construcci\u00f3n de una agenda nacional de mujeres en v\u00eda a la dinamizaci\u00f3n del Movimiento Social de Mujeres en el Pa\u00eds. <\/p>\n\n\n\n<p>El 25 de noviembre de 1960 fueron asesinadas las hermanas Patria, Minerva y Mar\u00eda Teresa Mirabal, quienes fervientemente lucharon y se opusieron a la dictadura de Trujillo en Rep\u00fablica Dominicana. Desde 1999, esta fecha fue declarada por Naciones Unidas como el d\u00eda internacional de eliminaci\u00f3n de la violencia contra las mujeres, reconociendo los distintos tipos de violencia que hemos vivido hist\u00f3ricamente, as\u00ed como la necesidad de emprender acciones para la prevenci\u00f3n, atenci\u00f3n y erradicaci\u00f3n. Es importante resaltar la dimensi\u00f3n pol\u00edtica de esta fecha, pues las hermanas Mirabal \u2013Las Mariposas- fueron detenidas, torturadas y asesinadas porque como mujeres participaron activamente en la lucha por poner fin a una dictadura de 30 a\u00f1os. <\/p>\n\n\n\n<p>La violencia ejercida hacia ellas, estuvo motivada por sus acciones que adem\u00e1s de transgredir los estereotipos sociales y de g\u00e9nero, las posicionaba como agentes de cambio pol\u00edtico en su pa\u00eds, convirti\u00e9ndose en ejemplo para las mujeres   en el mundo y principalmente hacia la Am\u00e9rica Latina, en la lucha anticolonial, anticapitalista y anti patriarcal. Este 25 de noviembre el pueblo en general y en especial las mujeres continuamos teniendo un sinn\u00famero de razones para movilizarnos, para ocupar el espacio p\u00fablico, para agitar en las calles, para encontrarnos, algunas de ellas son:<\/p>\n\n\n\n<p> \uf0b7 Las mujeres queremos vivir SIN VIOLENCIAS, dentro y fuera de las casas. Ni un FEMINICIDIO MAS, NO a la VIOLENCIA SEXUAL, NO A LA VIOLENCIA POLITICA, NO A LA VIOLENCIA ECONOMICA, NO A LA VIOLENCIA CULTURAL Y FISICA, NO A LA VIOLENCIA PSICOL\u00d3GICA, NO A LA VIOLENCIA EN LOS ESPACIOS EDUCATIVOS.<\/p>\n\n\n\n<p> \uf0b7 Las mujeres queremos vivir en ARMON\u00cdA CON NUESTROS TERRITORIOS Y CON LA NATURALEZA. No a los megaproyectos, extractivos que desplazan, expropian, destruyen las fuentes de aguas, que prostituyen las mujeres, que empobrecen y generan muerte; NO AL FRACKING (explotaci\u00f3n no convencional del petr\u00f3leo); NO A LAS REPRESAS que matan la vida de los r\u00edos, las quebradas, los nacimientos y los aljibes. <\/p>\n\n\n\n<p> \uf0b7 Las mujeres exigimos el derecho a la alimentaci\u00f3n; la seguridad y la soberan\u00eda alimentaria como una forma de garantizar el alimento en la mesa para todos y todas, para hoy, ma\u00f1ana y siempre.<\/p>\n\n\n\n<p> \uf0b7 Las mujeres queremos vivir la paz, pero una paz con derechos al territorio, a la participaci\u00f3n, a la organizaci\u00f3n, a la movilizaci\u00f3n, a la tierra, a la dignidad, a la educaci\u00f3n, a la salud integral y digna, a la vivienda, a la libertad, a pensar distinto y requerimos la soluci\u00f3n pol\u00edtica al conflicto armado.<\/p>\n\n\n\n<p> \uf0b7 Las mujeres queremos ser sujetas pol\u00edticas en todos los espacios, con voz y voto propio, en una participaci\u00f3n real y concreta, queremos llegar, estar y quedarnos para participar activamente en cada lugar de decisiones que afecta y construye la vida. Hoy 25 de noviembre, en esta jornada significativa de las mujeres y desde cada rinc\u00f3n del pa\u00eds, NOS \\HERMANAMOS y SORORISAMOS por el TERRITORIO, LA VIDA Y LA PAZ; al tiempo HACEMOS UN LLAMAMIENTO PROFUNDO, para continuar preparando la gran movilizaci\u00f3n nacional de mujeres del pr\u00f3ximo 25N del 2020<\/p>\n\n\n\n<p> \u00a1LA TOMA A BOGOTA!<\/p>\n\n\n\n<p> Colombia, 25 de Noviembre de 2019. <\/p>\n","protected":false},"excerpt":{"rendered":"<p>Las mujeres seguimos trenzando la protecci\u00f3n de la vida, el territorio y la paz El Equipo Dinamizador de Mujeres EDI<\/p>\n","protected":false},"author":1,"featured_media":928,"comment_status":"open","ping_status":"open","sticky":false,"template":"","format":"standard","meta":{"colormag_page_layout":"default_layout","footnotes":""},"categories":[73],"tags":[85,86,74],"class_list":["post-927","post","type-post","status-publish","format-standard","has-post-thumbnail","hentry","category-mujer-y-genero","tag-25n","tag-diadelanoviolenciacontralamujer","tag-mujer-y-genero"],"_links":{"self":[{"href":"https:\/\/cospacc.org\/index.php?rest_route=\/wp\/v2\/posts\/927","targetHints":{"allow":["GET"]}}],"collection":[{"href":"https:\/\/cospacc.org\/index.php?rest_route=\/wp\/v2\/posts"}],"about":[{"href":"https:\/\/cospacc.org\/index.php?rest_route=\/wp\/v2\/types\/post"}],"author":[{"embeddable":true,"href":"https:\/\/cospacc.org\/index.php?rest_route=\/wp\/v2\/users\/1"}],"replies":[{"embeddable":true,"href":"https:\/\/cospacc.org\/index.php?rest_route=%2Fwp%2Fv2%2Fcomments&post=927"}],"version-history":[{"count":2,"href":"https:\/\/cospacc.org\/index.php?rest_route=\/wp\/v2\/posts\/927\/revisions"}],"predecessor-version":[{"id":930,"href":"https:\/\/cospacc.org\/index.php?rest_route=\/wp\/v2\/posts\/927\/revisions\/930"}],"wp:featuredmedia":[{"embeddable":true,"href":"https:\/\/cospacc.org\/index.php?rest_route=\/wp\/v2\/media\/928"}],"wp:attachment":[{"href":"https:\/\/cospacc.org\/index.php?rest_route=%2Fwp%2Fv2%2Fmedia&parent=927"}],"wp:term":[{"taxonomy":"category","embeddable":true,"href":"https:\/\/cospacc.org\/index.php?rest_route=%2Fwp%2Fv2%2Fcategories&post=927"},{"taxonomy":"post_tag","embeddable":true,"href":"https:\/\/cospacc.org\/index.php?rest_route=%2Fwp%2Fv2%2Ftags&post=927"}],"curies":[{"name":"wp","href":"https:\/\/api.w.org\/{rel}","templated":true}]}}