{"id":931,"date":"2019-12-03T02:32:02","date_gmt":"2019-12-03T02:32:02","guid":{"rendered":"https:\/\/cospacc.org\/?p=931"},"modified":"2019-12-03T02:34:52","modified_gmt":"2019-12-03T02:34:52","slug":"pronunciamiento-publico","status":"publish","type":"post","link":"https:\/\/cospacc.org\/?p=931","title":{"rendered":"Pronunciamiento p\u00fablico"},"content":{"rendered":"\n<p> Centro oriente de Colombia, 2 de diciembre de 2019. <\/p>\n\n\n\n<p> Han transcurrido once d\u00edas de constantes movilizaciones en el pa\u00eds. Diversos sectores sociales y populares haciendo uso del derecho legal, constitucional y leg\u00edtimo a la protesta social demandan del Estado garant\u00edas para la vida digna de la mayor\u00eda de los colombianos. <\/p>\n\n\n\n<p>Elevando entre otras las siguientes reivindicaciones: &#8211; Desmonte del paquetazo de Duque que contiene propuestas de reforma laboral y pensional, ley de financiamiento y Holding financiero. &#8211; El desmonte del ESMAD por haberse convertido en una fuerza letal en el marco de la movilizaci\u00f3n social. &#8211; Cumplir los acuerdos pactados en movilizaciones anteriores. &#8211; Contra la impunidad reinante en los actos de que han desfalcado el erario de los colombianos. &#8211; Contra la criminalizaci\u00f3n de la protesta social y el genocidio de l\u00edderes, lideresas y defensores de derechos humanos abiertamente por la Fuerza P\u00fablica o con la guerra encubierta a trav\u00e9s de acciones paramilitares.<\/p>\n\n\n\n<p> El paro nacional tambi\u00e9n busca denunciar y visibilizar el tratamiento de guerra que el Estado ha dado a la protesta social, a trav\u00e9s de la cual se causan muertes y heridas a los manifestantes, se han tomado medidas de excepci\u00f3n y con ello la militarizaci\u00f3n de las ciudades violentando los derechos humanos e infringiendo normas y principios del Derecho Internacional Humanitario. Por todo lo anterior, como Movimiento Pol\u00edtico de Masas Social y Popular del Centro Oriente de Colombia invitamos a los diversos procesos y sectores sociales, transportadores, comerciantes, campesinos, ind\u00edgenas y afros, y en general a todos hombres y mujeres pobladores de la regi\u00f3n a articularse en las diferentes actividades de continuaci\u00f3n del Paro Nacional como son el Paro C\u00edvico programado a partir del 4 de diciembre, acompa\u00f1ado de marchas en las diferentes cabeceras municipales desde las 9:00 a.m., la realizaci\u00f3n de la Asamblea Nacional en Bogot\u00e1 el 6 y 7 de diciembre donde se definir\u00e1 el que hacer de la movilizaci\u00f3n en lo que resta del a\u00f1o y la agenda de movilizaci\u00f3n para el a\u00f1o 2020, y nuevamente movilizaciones en toda la regi\u00f3n el 10 de diciembre para conmemorar el D\u00eda Internacional de los Derechos Humanos. <\/p>\n\n\n\n<p>\u00a1POR UNA COLOMBIA LIBRE Y SOBERANA\u2026UNIDAD Y LUCHA! \u00a1MOVIMIENTO POL\u00cdTICO DE MASAS SOCIAL Y POPULAR DEL CENTRO ORIENTE DE COLOMBIA!!! \u00a1CONGRESO DE LOS PUEBLOS CONSTRUYENDO PA\u00cdS PARA LA VIDA DIGNA!!! <\/p>\n","protected":false},"excerpt":{"rendered":"<p>Centro oriente de Colombia, 2 de diciembre de 2019. Han transcurrido once d\u00edas de constantes movilizaciones en el pa\u00eds. Diversos<\/p>\n","protected":false},"author":1,"featured_media":932,"comment_status":"open","ping_status":"open","sticky":false,"template":"","format":"standard","meta":{"colormag_page_layout":"default_layout","footnotes":""},"categories":[76],"tags":[80],"class_list":["post-931","post","type-post","status-publish","format-standard","has-post-thumbnail","hentry","category-movimento-social","tag-campesino-movilizacion"],"_links":{"self":[{"href":"https:\/\/cospacc.org\/index.php?rest_route=\/wp\/v2\/posts\/931","targetHints":{"allow":["GET"]}}],"collection":[{"href":"https:\/\/cospacc.org\/index.php?rest_route=\/wp\/v2\/posts"}],"about":[{"href":"https:\/\/cospacc.org\/index.php?rest_route=\/wp\/v2\/types\/post"}],"author":[{"embeddable":true,"href":"https:\/\/cospacc.org\/index.php?rest_route=\/wp\/v2\/users\/1"}],"replies":[{"embeddable":true,"href":"https:\/\/cospacc.org\/index.php?rest_route=%2Fwp%2Fv2%2Fcomments&post=931"}],"version-history":[{"count":2,"href":"https:\/\/cospacc.org\/index.php?rest_route=\/wp\/v2\/posts\/931\/revisions"}],"predecessor-version":[{"id":934,"href":"https:\/\/cospacc.org\/index.php?rest_route=\/wp\/v2\/posts\/931\/revisions\/934"}],"wp:featuredmedia":[{"embeddable":true,"href":"https:\/\/cospacc.org\/index.php?rest_route=\/wp\/v2\/media\/932"}],"wp:attachment":[{"href":"https:\/\/cospacc.org\/index.php?rest_route=%2Fwp%2Fv2%2Fmedia&parent=931"}],"wp:term":[{"taxonomy":"category","embeddable":true,"href":"https:\/\/cospacc.org\/index.php?rest_route=%2Fwp%2Fv2%2Fcategories&post=931"},{"taxonomy":"post_tag","embeddable":true,"href":"https:\/\/cospacc.org\/index.php?rest_route=%2Fwp%2Fv2%2Ftags&post=931"}],"curies":[{"name":"wp","href":"https:\/\/api.w.org\/{rel}","templated":true}]}}