{"id":935,"date":"2019-12-04T16:35:28","date_gmt":"2019-12-04T16:35:28","guid":{"rendered":"https:\/\/cospacc.org\/?p=935"},"modified":"2019-12-12T19:04:04","modified_gmt":"2019-12-12T19:04:04","slug":"peregrinacion-a-lengupa","status":"publish","type":"post","link":"https:\/\/cospacc.org\/?p=935","title":{"rendered":"Peregrinaci\u00f3n a Lengup\u00e1"},"content":{"rendered":"\n<p>La peregrinaci\u00f3n a Lengup\u00e1 se realiza cada a\u00f1o en el alto de La Buenavista el 10 de diciembre a las 8.00am. El lugar y la fecha son representativos para las comunidades de este territorio: La ubicaci\u00f3n ha marcado en la poblaci\u00f3n la historia de la barbarie y el horror producto de las amenazas, las torturas, las ejecuciones extrajudiciales, las desapariciones forzadas entre otras violaciones a los derechos humanos. <\/p>\n\n\n\n<p>La fecha es el d\u00eda internacional de los derechos humanos, los mismos que son vulnerados por diferentes actores en los seis municipios (Miraflores, Berbeo, Campohermoso, P\u00e1ez, San Eduardo y Zetaquira) que conforman la provincia del departamento de Boyac\u00e1.<\/p>\n\n\n\n<p><br> Esta peregrinaci\u00f3n  intenta resistir al olvido, al miedo y al silencio, tiene la intenci\u00f3n de enaltecer la vida, la historia y la memoria de aquellas personas que fueron arrebatadas de las comunidades, de las familias. Les esperamos el pr\u00f3ximo martes 10 de diciembre en el alto de La Buenavista a las 8.00 am para participar de un acto de memoria, de encuentro de familias y comunidad de la provincia de Lengup\u00e1, Boyac\u00e1.<\/p>\n","protected":false},"excerpt":{"rendered":"<p>La peregrinaci\u00f3n a Lengup\u00e1 se realiza cada a\u00f1o en el alto de La Buenavista el 10 de diciembre a las<\/p>\n","protected":false},"author":1,"featured_media":936,"comment_status":"open","ping_status":"open","sticky":false,"template":"","format":"standard","meta":{"colormag_page_layout":"default_layout","footnotes":""},"categories":[15],"tags":[],"class_list":["post-935","post","type-post","status-publish","format-standard","has-post-thumbnail","hentry","category-derechos-humanos"],"_links":{"self":[{"href":"https:\/\/cospacc.org\/index.php?rest_route=\/wp\/v2\/posts\/935","targetHints":{"allow":["GET"]}}],"collection":[{"href":"https:\/\/cospacc.org\/index.php?rest_route=\/wp\/v2\/posts"}],"about":[{"href":"https:\/\/cospacc.org\/index.php?rest_route=\/wp\/v2\/types\/post"}],"author":[{"embeddable":true,"href":"https:\/\/cospacc.org\/index.php?rest_route=\/wp\/v2\/users\/1"}],"replies":[{"embeddable":true,"href":"https:\/\/cospacc.org\/index.php?rest_route=%2Fwp%2Fv2%2Fcomments&post=935"}],"version-history":[{"count":2,"href":"https:\/\/cospacc.org\/index.php?rest_route=\/wp\/v2\/posts\/935\/revisions"}],"predecessor-version":[{"id":954,"href":"https:\/\/cospacc.org\/index.php?rest_route=\/wp\/v2\/posts\/935\/revisions\/954"}],"wp:featuredmedia":[{"embeddable":true,"href":"https:\/\/cospacc.org\/index.php?rest_route=\/wp\/v2\/media\/936"}],"wp:attachment":[{"href":"https:\/\/cospacc.org\/index.php?rest_route=%2Fwp%2Fv2%2Fmedia&parent=935"}],"wp:term":[{"taxonomy":"category","embeddable":true,"href":"https:\/\/cospacc.org\/index.php?rest_route=%2Fwp%2Fv2%2Fcategories&post=935"},{"taxonomy":"post_tag","embeddable":true,"href":"https:\/\/cospacc.org\/index.php?rest_route=%2Fwp%2Fv2%2Ftags&post=935"}],"curies":[{"name":"wp","href":"https:\/\/api.w.org\/{rel}","templated":true}]}}