{"id":938,"date":"2019-12-08T02:01:53","date_gmt":"2019-12-08T02:01:53","guid":{"rendered":"https:\/\/cospacc.org\/?p=938"},"modified":"2025-04-30T05:03:57","modified_gmt":"2025-04-30T05:03:57","slug":"denuncia-publica-13","status":"publish","type":"post","link":"https:\/\/cospacc.org\/?p=938","title":{"rendered":"Denuncia p\u00fablica"},"content":{"rendered":"\n<p>Centro oriente de Colombia, 7 de diciembre de 2019.<\/p>\n\n\n\n<p>Contin\u00faa la persecuci\u00f3n contra los l\u00edderes sociales en el Centro Oriente Colombiano.<\/p>\n\n\n\n<p>El l\u00edder social JOSE VICENTE MURILLO TOBO, reconocido por su amplia trayectoria de trabajo social en el Movimiento Pol\u00edtico de Masas Social y Popular del Centro Oriente, el Congreso de los Pueblos y la Cumbre Nacional Agraria Campesina, \u00c9tnica y Popular, fue detenido hoy en el municipio de Saravena, Arauca.&nbsp;<\/p>\n\n\n\n<p>HECHOS:<\/p>\n\n\n\n<ol class=\"wp-block-list\"><li>A las 11:07 am, a dos cuadras del Edificio H\u00e9ctor Alirio Mart\u00ednez, en el barrio 6 de octubre fue interceptado por agentes de la Polic\u00eda Nacional, que se movilizaban en tres camionetas y una moto y lo abordaron, enca\u00f1onaron y trasladaron a las instalaciones del Batall\u00f3n Reve\u00edz Pizarro.<\/li><li>Posteriormente, a trav\u00e9s del Personero Municipal y el Defensor Regional del Pueblo fuimos informados que la captura fue ordenada por un Juez de Control de Garant\u00edas de Arauca a solicitud de la Estructura de Apoyo de Arauca de la Unidad contra Organizaciones Criminales de la Fiscal\u00eda.<\/li><li>Los delitos que le imputan son Rebeli\u00f3n, Concierto para delinquir agravado, Secuestro Simple y Obstrucci\u00f3n de v\u00edas p\u00fablicas.<\/li><li>El compa\u00f1ero fue trasladado a la capital araucana.&nbsp;<\/li><li>Durante las primeras horas de la ma\u00f1ana, en las inmediaciones de la sede \u201cH\u00e9ctor Alirio Mart\u00ednez\u201d, de las organizaciones sociales del Centro Oriente, hubo presencia de Polic\u00eda Nacional.&nbsp;<\/li><\/ol>\n\n\n\n<p>ANTECEDENTES:&nbsp;<\/p>\n\n\n\n<ol class=\"wp-block-list\"><li>JOS\u00c9 MURILLO hab\u00eda recibido amenazas de la estructura paramilitar denominada Autodefensas Gaitanistas.&nbsp;<\/li><li>Su lugar de residencia ha sido continuamente asediado por personal de civil y armado.&nbsp;<\/li><li>Ante la constante persecuci\u00f3n y hostigamiento de la que ven\u00eda siendo objeto, y en el marco del \u201cRefugio Humanitario por la Vida de los L\u00edderes Sociales\u201d desarrollado en la ciudad de Bogot\u00e1 del 28 de abril al 2 de mayo del presente, realiz\u00f3 la denuncia ante el Congreso de la Rep\u00fablica y posteriormente se llev\u00f3 a cabo su presentaci\u00f3n ante la Fiscal\u00eda General de la Naci\u00f3n, con el acompa\u00f1amiento de las organizaciones sociales para que se verificara su situaci\u00f3n jur\u00eddica obteniendo por respuesta que no se registraba ninguna investigaci\u00f3n en su contra.<\/li><li>La fiscal\u00eda que solicit\u00f3 la captura del compa\u00f1ero Murillo hace parte de la Estructura de Apoyo que son financiadas por algunas corporaciones transnacionales y que se han dedicado a implementar la pol\u00edtica de criminalizaci\u00f3n de la protesta social y perseguir a sus dirigentes.&nbsp;<\/li><\/ol>\n\n\n\n<p>Por lo anterior:<\/p>\n\n\n\n<ol class=\"wp-block-list\"><li>Exigimos que se respete la vida e integridad f\u00edsica del compa\u00f1ero y se ordene su libertad inmediata.<\/li><\/ol>\n\n\n\n<p>&nbsp;2. Que se brinden las garant\u00edas para el ejercicio de la labor social y pol\u00edtica de los l\u00edderes sociales de Centro Oriente de Colombia.<\/p>\n\n\n\n<ol class=\"wp-block-list\"><li>Reiteramos nuestro compromiso en defensa del territorio y la vida digna, en consecuencia, seguiremos haciendo ejercicio de nuestro derecho legal, constitucional y leg\u00edtimo a la movilizaci\u00f3n social.&nbsp;<\/li><\/ol>\n\n\n\n<p>\u00a1POR UNA COLOMBIA LIBRE Y SOBERANA\u2026UNIDAD Y LUCHA!<\/p>\n\n\n\n<p>\u00a1MOVIMIENTO POL\u00cdTICO DE MASAS SOCIAL Y POPULAR DEL CENTRO ORIENTE DE COLOMBIA!!!&nbsp;<\/p>\n\n\n\n<p>\u00a1CONGRESO DE LOS PUEBLOS CONSTRUYENDO PA\u00cdS PARA LA VIDA DIGNA!!!<\/p>\n\n\n\n<p>Comit\u00e9 Ejecutivo Regional<\/p>\n\n\n\n<p>Fundaci\u00f3n de DD.HH. Joel Sierra.<\/p>\n","protected":false},"excerpt":{"rendered":"<p>Centro oriente de Colombia, 7 de diciembre de 2019. Contin\u00faa la persecuci\u00f3n contra los l\u00edderes sociales en el Centro Oriente<\/p>\n","protected":false},"author":1,"featured_media":939,"comment_status":"open","ping_status":"open","sticky":false,"template":"","format":"standard","meta":{"colormag_page_layout":"default_layout","footnotes":""},"categories":[47],"tags":[53,14],"class_list":["post-938","post","type-post","status-publish","format-standard","has-post-thumbnail","hentry","category-comunicados-y-denuncias","tag-serlidersocialnoesdelito","tag-ddhh"],"_links":{"self":[{"href":"https:\/\/cospacc.org\/index.php?rest_route=\/wp\/v2\/posts\/938","targetHints":{"allow":["GET"]}}],"collection":[{"href":"https:\/\/cospacc.org\/index.php?rest_route=\/wp\/v2\/posts"}],"about":[{"href":"https:\/\/cospacc.org\/index.php?rest_route=\/wp\/v2\/types\/post"}],"author":[{"embeddable":true,"href":"https:\/\/cospacc.org\/index.php?rest_route=\/wp\/v2\/users\/1"}],"replies":[{"embeddable":true,"href":"https:\/\/cospacc.org\/index.php?rest_route=%2Fwp%2Fv2%2Fcomments&post=938"}],"version-history":[{"count":1,"href":"https:\/\/cospacc.org\/index.php?rest_route=\/wp\/v2\/posts\/938\/revisions"}],"predecessor-version":[{"id":940,"href":"https:\/\/cospacc.org\/index.php?rest_route=\/wp\/v2\/posts\/938\/revisions\/940"}],"wp:featuredmedia":[{"embeddable":true,"href":"https:\/\/cospacc.org\/index.php?rest_route=\/wp\/v2\/media\/939"}],"wp:attachment":[{"href":"https:\/\/cospacc.org\/index.php?rest_route=%2Fwp%2Fv2%2Fmedia&parent=938"}],"wp:term":[{"taxonomy":"category","embeddable":true,"href":"https:\/\/cospacc.org\/index.php?rest_route=%2Fwp%2Fv2%2Fcategories&post=938"},{"taxonomy":"post_tag","embeddable":true,"href":"https:\/\/cospacc.org\/index.php?rest_route=%2Fwp%2Fv2%2Ftags&post=938"}],"curies":[{"name":"wp","href":"https:\/\/api.w.org\/{rel}","templated":true}]}}