{"id":942,"date":"2019-12-11T22:03:00","date_gmt":"2019-12-11T22:03:00","guid":{"rendered":"https:\/\/cospacc.org\/?p=942"},"modified":"2025-04-30T05:03:48","modified_gmt":"2025-04-30T05:03:48","slug":"comunicado-a-la-opinion-publica-2","status":"publish","type":"post","link":"https:\/\/cospacc.org\/?p=942","title":{"rendered":"Comunicado a la opini\u00f3n p\u00fablica"},"content":{"rendered":"\n<p>Pore (Casanare),12 de diciembre de 2019.<\/p>\n\n\n\n<p>La Corporaci\u00f3n Social para la Asesor\u00eda y Capacitaci\u00f3n\nComunitaria -COSPACC- y la Asociaci\u00f3n Nacional Campesina Jos\u00e9 Antonio Gal\u00e1n\nZorro \u2013ASONALCA-, comunicamos a la opini\u00f3n p\u00fablica en general, organizaciones\nnacionales e internacionales de Derechos humanos, \u00f3rganos de control y\nvigilancia y a los medios de comunicaci\u00f3n, lo siguiente: <\/p>\n\n\n\n<p>En el asentamiento humano mi nuevo porvenir, ubicado\nen la vereda Bocas de Pore, del municipio de Pore, departamento del Casanare se\nha gestado una lucha por la defensa y la permanencia en el territorio desde\nhace m\u00e1s de 15 a\u00f1os, momento en el cual, de manera pac\u00edfica una familia hizo\nuna siembra, luego una vivienda y posteriormente empez\u00f3 a gestar su vida sobre\nun territorio que desde ese momento se considera como propio. <\/p>\n\n\n\n<p>Con el pasar de los a\u00f1os llegaron 26 familias m\u00e1s, que\nhicieron lo mismo, forjaron su vida, fortalecieron su identidad campesina, su\neconom\u00eda propia y tejieron lazos de unidad en comunidad apoy\u00e1ndose unos con\notros. <\/p>\n\n\n\n<p>En horas de la ma\u00f1ana del d\u00eda de hoy, 09 de diciembre\nde 2019, esos lazos que se han tejido con el pasar de los a\u00f1os pretenden ser\ndestrozados por parte de la administraci\u00f3n municipal de Pore, desconociendo la\nexistencia del derecho de posesi\u00f3n sobre estos predios, y adem\u00e1s la existencia\nde procesos judiciales aun sin concluir ante la Agencia Nacional de Tierras,\niniciados el 17 de noviembre de 2017. <\/p>\n\n\n\n<p>El d\u00eda 09 de diciembre de 2019, hicieron presencia\nfuncionarios de la administraci\u00f3n municipal en nuestro asentamiento entre los\nque destacaban, el se\u00f1or Secretario de Gobierno Jorge Eduardo Cosmero, la\nse\u00f1ora Inspectora de Polic\u00eda, la Comisaria de Familia, el Sargento Luna de la\nPolic\u00eda quien era acompa\u00f1ado por polic\u00eda nacional de paz de Ariporo y de Yopal\nCasanare, quienes manifestaron que se llevar\u00eda a cabo proceso de encerramiento\ncon postes de cemento dentro de nuestro territorio y que desconoc\u00edan los\nprocesos que se llevan a cabo ante la Agencia Nacional de Tierras.<\/p>\n\n\n\n<p>Se solicito el acompa\u00f1amiento al Personero del pueblo\nquien manifest\u00f3 mediante v\u00eda telef\u00f3nica que se encontraba desarrollando otras\nactividades y se neg\u00f3 a asistir al lugar, por ende, se le recuerda a este\nfuncionario la responsabilidad Constitucional que tiene con toda la comunidad\ndel municipio de Pore de defender sus intereses y velar por la guarda y\npromoci\u00f3n de los derechos humanos.&nbsp; &nbsp;&nbsp;&nbsp;&nbsp;&nbsp;&nbsp;&nbsp; <\/p>\n\n\n\n<p>Le recordamos a la administraci\u00f3n Municipal de Pore la\nexistencia de los derechos fundamentales, como lo es el derecho al debido\nproceso, que son garant\u00edas para proteger a un individuo o un grupo de individuos\nque se encuentran dentro de actuaciones judiciales o administrativas, con el\nfin de que mientras dure el tr\u00e1mite respectivo se les respeten los derechos. <\/p>\n\n\n\n<p>Al existir derechos de posesi\u00f3n se entiende que se\nest\u00e1 en presencia de un poder de hecho, puesto que se trata de un Derecho Real\nde Dominio y se puede ejercer contra todos, al estar en curso el proceso\nadministrativo ante la ANT, la administraci\u00f3n municipal de Pore, pierde por\ncompleto competencia, es decir, la posibilidad de llevar a cabo cualquier\nacci\u00f3n dentro del asentamiento humano mi nuevo Porvenir, el desconocimiento de\ndichos procesos administrativos por parte de la administraci\u00f3n municipal no\nimplica que se deba obrar en detrimento de nuestros derechos. <\/p>\n\n\n\n<p>Por lo que le exigimos a la administraci\u00f3n municipal\nde Pore, que cese con la vulneraci\u00f3n a los derechos fundamentales y ordene el\ncese inmediato de las actividades de encerramiento que se llevan a cabo en el\nasentamiento humano Mi nuevo porvenir. <\/p>\n\n\n\n<p>Por la defensa de la vida y la permanencia en el\nterritorio<\/p>\n\n\n\n<p>Asociaci\u00f3n Nacional Campesina \u201cJos\u00e9 Antonio Gal\u00e1n\nZorro\u201d<\/p>\n\n\n\n<p>NOTIFICACION: Calle 42 # 11 \u2013 03&nbsp;\nEl Yopal e- mail <a href=\"mailto:Cospacc@gmail.com\">Cospacc@gmail.com<\/a><\/p>\n\n\n\n<p><strong>CORDIALMENTE:<\/strong><\/p>\n\n\n\n<p>FABIAN DE JESUS LAVERDE DONCEL <\/p>\n\n\n\n<p>Representante legal<\/p>\n\n\n\n<p>integridad agraria<\/p>\n\n\n\n<p>Copia a:<\/p>\n\n\n\n<p>Defensor\u00eda del Pueblo\nRegional Casanare<\/p>\n\n\n\n<p>Unidad De Restituci\u00f3n\nde Tierras<\/p>\n\n\n\n<p>Personer\u00eda Municipal de\nPore<\/p>\n\n\n\n<p>Procuradur\u00eda General de\nla Naci\u00f3n<\/p>\n\n\n\n<p>Consejer\u00eda de Derechos\nHumanos de la Presidencia de la Rep\u00fablica<\/p>\n\n\n\n<p>Ministerio del Interior<\/p>\n\n\n\n<p>Cumbre Agraria, Campesina, \u00c9tnica y Popular<\/p>\n\n\n\n<p><\/p>\n","protected":false},"excerpt":{"rendered":"<p>Pore (Casanare),12 de diciembre de 2019. La Corporaci\u00f3n Social para la Asesor\u00eda y Capacitaci\u00f3n Comunitaria -COSPACC- y la Asociaci\u00f3n Nacional<\/p>\n","protected":false},"author":1,"featured_media":943,"comment_status":"open","ping_status":"open","sticky":false,"template":"","format":"standard","meta":{"colormag_page_layout":"default_layout","footnotes":""},"categories":[47],"tags":[17,14],"class_list":["post-942","post","type-post","status-publish","format-standard","has-post-thumbnail","hentry","category-comunicados-y-denuncias","tag-casanare","tag-ddhh"],"_links":{"self":[{"href":"https:\/\/cospacc.org\/index.php?rest_route=\/wp\/v2\/posts\/942","targetHints":{"allow":["GET"]}}],"collection":[{"href":"https:\/\/cospacc.org\/index.php?rest_route=\/wp\/v2\/posts"}],"about":[{"href":"https:\/\/cospacc.org\/index.php?rest_route=\/wp\/v2\/types\/post"}],"author":[{"embeddable":true,"href":"https:\/\/cospacc.org\/index.php?rest_route=\/wp\/v2\/users\/1"}],"replies":[{"embeddable":true,"href":"https:\/\/cospacc.org\/index.php?rest_route=%2Fwp%2Fv2%2Fcomments&post=942"}],"version-history":[{"count":1,"href":"https:\/\/cospacc.org\/index.php?rest_route=\/wp\/v2\/posts\/942\/revisions"}],"predecessor-version":[{"id":944,"href":"https:\/\/cospacc.org\/index.php?rest_route=\/wp\/v2\/posts\/942\/revisions\/944"}],"wp:featuredmedia":[{"embeddable":true,"href":"https:\/\/cospacc.org\/index.php?rest_route=\/wp\/v2\/media\/943"}],"wp:attachment":[{"href":"https:\/\/cospacc.org\/index.php?rest_route=%2Fwp%2Fv2%2Fmedia&parent=942"}],"wp:term":[{"taxonomy":"category","embeddable":true,"href":"https:\/\/cospacc.org\/index.php?rest_route=%2Fwp%2Fv2%2Fcategories&post=942"},{"taxonomy":"post_tag","embeddable":true,"href":"https:\/\/cospacc.org\/index.php?rest_route=%2Fwp%2Fv2%2Ftags&post=942"}],"curies":[{"name":"wp","href":"https:\/\/api.w.org\/{rel}","templated":true}]}}